{"id":9238,"date":"2022-04-02T11:48:05","date_gmt":"2022-04-02T08:48:05","guid":{"rendered":"https:\/\/www.aykutozdemir.com.tr\/insaat\/?p=9238"},"modified":"2022-03-20T18:23:32","modified_gmt":"2022-03-20T15:23:32","slug":"asma-tavan","status":"publish","type":"post","link":"https:\/\/www.aykutozdemir.com.tr\/insaat\/asma-tavan.html","title":{"rendered":"Asma Tavan Rehberi &#8211; Asmatavan Fiyatlar\u0131, \u00c7e\u015fitleri ve \u00d6zellikleri"},"content":{"rendered":"<div id=\"ez-toc-container\" class=\"ez-toc-v2_0_80 counter-hierarchy ez-toc-counter ez-toc-custom ez-toc-container-direction\">\n<div class=\"ez-toc-title-container\">\n<p class=\"ez-toc-title\" style=\"cursor:inherit\">Bu \u0130\u00e7erikte Okuyacaklar\u0131n\u0131z : <\/p>\n<span class=\"ez-toc-title-toggle\"><\/span><\/div>\n<nav><ul class='ez-toc-list ez-toc-list-level-1 ' ><li class='ez-toc-page-1 ez-toc-heading-level-2'><a class=\"ez-toc-link ez-toc-heading-1\" href=\"https:\/\/www.aykutozdemir.com.tr\/insaat\/asma-tavan.html\/#Asma_Tavan_Fiyatlari\" >Asma Tavan Fiyatlar\u0131<\/a><\/li><li class='ez-toc-page-1 ez-toc-heading-level-2'><a class=\"ez-toc-link ez-toc-heading-2\" href=\"https:\/\/www.aykutozdemir.com.tr\/insaat\/asma-tavan.html\/#Asma_Tavan_Nedir\" >Asma Tavan Nedir?<\/a><ul class='ez-toc-list-level-3' ><li class='ez-toc-heading-level-3'><a class=\"ez-toc-link ez-toc-heading-3\" href=\"https:\/\/www.aykutozdemir.com.tr\/insaat\/asma-tavan.html\/#Asma_Tavan_nerelerde_kullanilir\" >Asma Tavan nerelerde kullan\u0131l\u0131r?<\/a><\/li><\/ul><\/li><li class='ez-toc-page-1 ez-toc-heading-level-2'><a class=\"ez-toc-link ez-toc-heading-4\" href=\"https:\/\/www.aykutozdemir.com.tr\/insaat\/asma-tavan.html\/#Asma_Tavan_Cesitleri\" >Asma Tavan \u00c7e\u015fitleri<\/a><ul class='ez-toc-list-level-3' ><li class='ez-toc-heading-level-3'><a class=\"ez-toc-link ez-toc-heading-5\" href=\"https:\/\/www.aykutozdemir.com.tr\/insaat\/asma-tavan.html\/#Ters_tavan_nedir\" >Ters tavan nedir?<\/a><\/li><li class='ez-toc-page-1 ez-toc-heading-level-3'><a class=\"ez-toc-link ez-toc-heading-6\" href=\"https:\/\/www.aykutozdemir.com.tr\/insaat\/asma-tavan.html\/#Havuz_tavan_nedir\" >Havuz tavan nedir?<\/a><\/li><\/ul><\/li><\/ul><\/nav><\/div>\n<h2><span class=\"ez-toc-section\" id=\"Asma_Tavan_Fiyatlari\"><\/span>Asma Tavan Fiyatlar\u0131<span class=\"ez-toc-section-end\"><\/span><\/h2>\n\n<table id=\"tablepress-31\" class=\"tablepress tablepress-id-31\">\n<thead>\n<tr class=\"row-1\">\n\t<th class=\"column-1\">Tavan Tipi<\/th><th class=\"column-2\">Malzeme Birim<br \/>\nFiyat\u0131 (m2)<\/th><th class=\"column-3\">\u0130\u015f\u00e7ilik Birim<br \/>\nFiyat\u0131 (m2)<\/th><th class=\"column-4\">Toplam Birim<br \/>\nFiyat\u0131 (m2) - KDV Hari\u00e7<\/th><td class=\"column-5\"><\/td><td class=\"column-6\"><\/td><td class=\"column-7\"><\/td>\n<\/tr>\n<\/thead>\n<tbody class=\"row-striping row-hover\">\n<tr class=\"row-2\">\n\t<td class=\"column-1\">Al\u00e7\u0131pan Asma Tavan<\/td><td class=\"column-2\">75 TL<\/td><td class=\"column-3\">50 TL<\/td><td class=\"column-4\">125 TL<\/td><td class=\"column-5\"><\/td><td class=\"column-6\"><\/td><td class=\"column-7\"><\/td>\n<\/tr>\n<tr class=\"row-3\">\n\t<td class=\"column-1\">Led I\u015f\u0131kl\u0131 Asma Tavan<\/td><td class=\"column-2\">75 TL<\/td><td class=\"column-3\">60 TL<\/td><td class=\"column-4\">135 TL<\/td><td class=\"column-5\"><\/td><td class=\"column-6\"><\/td><td class=\"column-7\"><\/td>\n<\/tr>\n<tr class=\"row-4\">\n\t<td class=\"column-1\">Spotlu Asma Tavan<\/td><td class=\"column-2\">68,75 TL<\/td><td class=\"column-3\">60 TL<\/td><td class=\"column-4\">128,75 TL<\/td><td class=\"column-5\"><\/td><td class=\"column-6\"><\/td><td class=\"column-7\"><\/td>\n<\/tr>\n<tr class=\"row-5\">\n\t<td class=\"column-1\">Ta\u015fy\u00fcn\u00fc Asma Tavan<\/td><td class=\"column-2\">150 TL<\/td><td class=\"column-3\">50 TL<\/td><td class=\"column-4\">200 TL<\/td><td class=\"column-5\"><\/td><td class=\"column-6\"><\/td><td class=\"column-7\"><\/td>\n<\/tr>\n<tr class=\"row-6\">\n\t<td class=\"column-1\">Metal Asma Tavan (30\u00d730)<\/td><td class=\"column-2\">225 TL<\/td><td class=\"column-3\">80 TL<\/td><td class=\"column-4\">305 TL<\/td><td class=\"column-5\"><\/td><td class=\"column-6\"><\/td><td class=\"column-7\"><\/td>\n<\/tr>\n<tr class=\"row-7\">\n\t<td class=\"column-1\">Al\u00fcminyum Asma Tavan\u00a0<\/td><td class=\"column-2\">325 TL<\/td><td class=\"column-3\">100 TL<\/td><td class=\"column-4\">425 TL<\/td><td class=\"column-5\"><\/td><td class=\"column-6\"><\/td><td class=\"column-7\"><\/td>\n<\/tr>\n<tr class=\"row-8\">\n\t<td class=\"column-1\">Banyo Asma Tavan\u00a0<\/td><td class=\"column-2\">362,5 TL<\/td><td class=\"column-3\">150 TL<\/td><td class=\"column-4\">512,5 TL<\/td><td class=\"column-5\"><\/td><td class=\"column-6\"><\/td><td class=\"column-7\"><\/td>\n<\/tr>\n<tr class=\"row-9\">\n\t<td class=\"column-1\">Clip-\u0130n Asma Tavan\u00a0<\/td><td class=\"column-2\">325 TL<\/td><td class=\"column-3\">100 TL<\/td><td class=\"column-4\">425 TL<\/td><td class=\"column-5\"><\/td><td class=\"column-6\"><\/td><td class=\"column-7\"><\/td>\n<\/tr>\n<tr class=\"row-10\">\n\t<td class=\"column-1\">Lay-On Asma Tavan\u00a0<\/td><td class=\"column-2\">325 TL<\/td><td class=\"column-3\">100 TL<\/td><td class=\"column-4\">425 TL<\/td><td class=\"column-5\"><\/td><td class=\"column-6\"><\/td><td class=\"column-7\"><\/td>\n<\/tr>\n<tr class=\"row-11\">\n\t<td class=\"column-1\">Lay-\u0130n Asma Tavan\u00a0<\/td><td class=\"column-2\">325 TL<\/td><td class=\"column-3\">100 TL<\/td><td class=\"column-4\">425 TL<\/td><td class=\"column-5\"><\/td><td class=\"column-6\"><\/td><td class=\"column-7\"><\/td>\n<\/tr>\n<tr class=\"row-12\">\n\t<td class=\"column-1\">Karolam\u00a0Asma Tavan\u00a060x60 Eco\u00a0<\/td><td class=\"column-2\">187,5 TL<\/td><td class=\"column-3\">70 TL<\/td><td class=\"column-4\">257,5 TL<\/td><td class=\"column-5\"><\/td><td class=\"column-6\"><\/td><td class=\"column-7\"><\/td>\n<\/tr>\n<\/tbody>\n<\/table>\n<!-- #tablepress-31 from cache -->\n<p>&nbsp;<\/p>\n<ul>\n<li>Tabloda yer alan <strong>asmatavan metrekare fiyat\u0131<\/strong> kdv hari\u00e7tir.<\/li>\n<li>Fiyatlara asma tavan uygulamas\u0131ndan sonra yap\u0131lacak s\u0131va boya i\u015fleri dahil de\u011fildir.<\/li>\n<li><strong>asma tavan led ayd\u0131nlatma<\/strong> i\u00e7in ortalama fiyat verilmi\u015ftir, talep edilen marka, l\u00fcx, efekt ve yerle\u015fime g\u00f6re de\u011fi\u015fir.<\/li>\n<li>Fiyatlar\u0131n ba\u011flay\u0131c\u0131l\u0131\u011f\u0131 yoktur, yakla\u015f\u0131k hesaplamalar\u0131n\u0131z i\u00e7in bilgi ama\u00e7l\u0131 verilmi\u015ftir. Finansal kayba u\u011framamak ad\u0131na, uygulay\u0131c\u0131 firmalardan projenize \u00f6zel reel fiyatlar alman\u0131z\u0131 \u00f6neririz.<\/li>\n<\/ul>\n<p>&nbsp;<\/p>\n<p><strong>Fiyatlar\u0131 etkileyen fakt\u00f6rler<\/strong><\/p>\n<p>Bir\u00e7ok \u00e7e\u015fidi bulunan asma tavan\u0131n farkl\u0131 modellerinde maliyet hesaplamas\u0131 da farkl\u0131d\u0131r. Kullan\u0131lacak olan malzemenin \u00e7e\u015fidi fiyat\u0131 do\u011frudan etkileyen bir unsurdur. Uygulanacak alan\u0131n b\u00fcy\u00fckl\u00fc\u011f\u00fc ve i\u015f\u00e7ilik gibi fakt\u00f6rlerde maliyeti de\u011fi\u015ftirmektedir. Malzemenin kalitesi ve \u0131\u015f\u0131k elemanlar\u0131 gibi ba\u011flant\u0131lar\u0131n da eklenmesiyle fiyatta de\u011fi\u015fiklik ka\u00e7\u0131n\u0131lmazd\u0131r. Ayr\u0131ca b\u00f6lge ve yap\u0131lacak i\u015fin miktar\u0131 da \u00e7ok \u00f6nemlidir. <strong>\u0130stanbul, \u0130zmir, Ankara, Bursa, Eski\u015fehir, Adana<\/strong> vb. illerin fiyatlar\u0131 birbirine g\u00f6re farkl\u0131l\u0131k g\u00f6sterebilmektedir.<\/p>\n<p><span style=\"color: #333399;\"><strong>G\u00fcncel Malzeme Fiyat Listeleri :<\/strong><\/span><\/p>\n<p><span style=\"color: #333399;\"><strong><ul class=\"lcp_catlist\" id=\"lcp_instance_0\"><li><a href=\"https:\/\/www.aykutozdemir.com.tr\/insaat\/guncel-mdf-mdf-lam-fiyatlari-ham-renkli-zimparali-zimparasiz-luks.html\">G\u00fcncel MDF &#038; MDF Lam Fiyatlar\u0131 &#8211; Ham, Renkli, Z\u0131mparal\u0131, Z\u0131mparas\u0131z, L\u00fcks<\/a><\/li><li><a href=\"https:\/\/www.aykutozdemir.com.tr\/insaat\/kereste-fiyatlari.html\">\u0130n\u015faatl\u0131k Kereste, Silinmi\u015f Kereste ve Kalas Fiyatlar\u0131<\/a><\/li><li class=\"current\"><a href=\"https:\/\/www.aykutozdemir.com.tr\/insaat\/asma-tavan.html\">Asma Tavan Rehberi &#8211; Asmatavan Fiyatlar\u0131, \u00c7e\u015fitleri ve \u00d6zellikleri<\/a><\/li><li><a href=\"https:\/\/www.aykutozdemir.com.tr\/insaat\/sandvic-panel-fiyatlari-ve-cesitleri.html\">2022 Sandvi\u00e7 Panel Fiyatlar\u0131 ve \u00c7e\u015fitleri<\/a><\/li><li><a href=\"https:\/\/www.aykutozdemir.com.tr\/insaat\/strafor-kopuk-eps-ve-xps-fiyatlari.html\">2022 Strafor K\u00f6p\u00fck, EPS ve XPS Fiyatlar\u0131<\/a><\/li><li><a href=\"https:\/\/www.aykutozdemir.com.tr\/insaat\/kontraplak-fiyatlari.html\">Kontraplak Fiyatlar\u0131, Kontraplak Nedir, \u00c7e\u015fitleri ve \u00d6zellikleri<\/a><\/li><li><a href=\"https:\/\/www.aykutozdemir.com.tr\/insaat\/guncel-onduline-fiyatlari-ondulin-cesitleri-ve-ozellikleri.html\">G\u00fcncel Onduline Fiyatlar\u0131, Ondulin \u00c7e\u015fitleri ve \u00d6zellikleri<\/a><\/li><li><a href=\"https:\/\/www.aykutozdemir.com.tr\/insaat\/osb-fiyatlari.html\">G\u00fcncel OSB Fiyatlar\u0131 &#8211; 2022<\/a><\/li><li><a href=\"https:\/\/www.aykutozdemir.com.tr\/insaat\/1-ton-komur-fiyatlari-2022.html\">1 Ton K\u00f6m\u00fcr Fiyatlar\u0131 2022<\/a><\/li><li><a href=\"https:\/\/www.aykutozdemir.com.tr\/insaat\/kum-ve-cakil-fiyatlari.html\">Kum ve \u00c7ak\u0131l Fiyatlar\u0131 &#8211; 2022 G\u00fcncel<\/a><\/li><li><a href=\"https:\/\/www.aykutozdemir.com.tr\/insaat\/sifir-ve-ikinci-el-palet-fiyatlari.html\">S\u0131f\u0131r ve \u0130kinci El Palet Fiyatlar\u0131 &#8211; 2022 (G\u00fcncel)<\/a><\/li><li><a href=\"https:\/\/www.aykutozdemir.com.tr\/insaat\/sunta-ve-suntalam-fiyatlari.html\">2022 Sunta ve Suntalam Fiyatlar\u0131<\/a><\/li><li><a href=\"https:\/\/www.aykutozdemir.com.tr\/insaat\/betopan-nedir-guncel-betopan-fiyatlari.html\">Betopan Nedir? G\u00fcncel Betopan Fiyatlar\u0131<\/a><\/li><li><a href=\"https:\/\/www.aykutozdemir.com.tr\/insaat\/plywood-tum-cesitleri-ve-en-guncel-fiyatlari.html\">Plywood T\u00fcm \u00c7e\u015fitleri ve En G\u00fcncel Fiyatlar\u0131<\/a><\/li><li><a href=\"https:\/\/www.aykutozdemir.com.tr\/insaat\/kutu-profil-fiyatlari-kare-ve-dikdortgen-kutu-profil-birim-agirlik-ve-olculeri.html\">Kutu Profil Fiyatlar\u0131, Kare ve Dikd\u00f6rtgen Kutu Profil Birim A\u011f\u0131rl\u0131k ve \u00d6l\u00e7\u00fcleri<\/a><\/li><li><a href=\"https:\/\/www.aykutozdemir.com.tr\/insaat\/guncel-kiremit-fiyatlari-olculeri-ve-ozellikleri.html\">2022 G\u00fcncel Kiremit Fiyatlar\u0131 ve \u00c7e\u015fitleri<\/a><\/li><li><a href=\"https:\/\/www.aykutozdemir.com.tr\/insaat\/tasyunu-fiyatlari-ve-cesitleri.html\">2022 Ta\u015fy\u00fcn\u00fc Fiyatlar\u0131 ve \u00c7e\u015fitleri<\/a><\/li><li><a href=\"https:\/\/www.aykutozdemir.com.tr\/insaat\/alcipan-fiyatlari-cesitleri-ve-ozellikleri.html\">Al\u00e7\u0131pan Fiyatlar\u0131, \u00c7e\u015fitleri ve \u00d6zellikleri<\/a><\/li><li><a href=\"https:\/\/www.aykutozdemir.com.tr\/insaat\/izolasyon-membrani-ozellik-ve-fiyatlari.html\">\u0130zolasyon Membran\u0131 \u00d6zellik ve Fiyatlar\u0131 (2022)<\/a><\/li><li><a href=\"https:\/\/www.aykutozdemir.com.tr\/insaat\/insaat-demiri-fiyatlari.html\">G\u00fcnl\u00fck \u0130n\u015faat Demiri Fiyatlar\u0131<\/a><\/li><li><a href=\"https:\/\/www.aykutozdemir.com.tr\/insaat\/cimento-fiyatlari.html\">2022 G\u00fcncel \u00c7imento Fiyatlar\u0131 ve \u00c7e\u015fitleri<\/a><\/li><li><a href=\"https:\/\/www.aykutozdemir.com.tr\/insaat\/bims-briket-fiyatlari.html\">2022 G\u00fcncel Bims Briket Fiyatlar\u0131 ve \u00c7e\u015fitleri<\/a><\/li><li><a href=\"https:\/\/www.aykutozdemir.com.tr\/insaat\/gazbeton-fiyatlari.html\">2022 G\u00fcncel Gazbeton (Ytong) Fiyatlar\u0131 ve \u00c7e\u015fitleri<\/a><\/li><li><a href=\"https:\/\/www.aykutozdemir.com.tr\/insaat\/tugla-fiyatlari.html\">2022 G\u00fcncel Tu\u011fla Fiyatlar\u0131 &#8211; Cam Tu\u011fla ve Tu\u011fla \u00c7e\u015fitleri<\/a><\/li><li><a href=\"https:\/\/www.aykutozdemir.com.tr\/insaat\/beton-fiyatlari-ve-metrekup-hesabi.html\">Haz\u0131r Beton Fiyatlar\u0131 ve Metrek\u00fcp Hesab\u0131 &#8211; 2022<\/a><\/li><\/ul><\/strong><\/span><\/p>\n<h2><span class=\"ez-toc-section\" id=\"Asma_Tavan_Nedir\"><\/span><strong>Asma Tavan Nedir?<\/strong><span class=\"ez-toc-section-end\"><\/span><\/h2>\n<p>Tavandaki tesisatlar i\u00e7in hacim yaratmak, bunun yan\u0131 s\u0131ra ses ve \u0131s\u0131 izolasyonu ve mimari eestetik kayg\u0131s\u0131yla yap\u0131lan dekoratif bir tavan modelidir.<\/p>\n<h3><span class=\"ez-toc-section\" id=\"Asma_Tavan_nerelerde_kullanilir\"><\/span><strong>Asma Tavan nerelerde kullan\u0131l\u0131r?<\/strong><span class=\"ez-toc-section-end\"><\/span><\/h3>\n<p>Genelde dekoratif ama\u00e7l\u0131 kullan\u0131lan asma tavanlar, \u0131s\u0131 ve ses yal\u0131t\u0131m\u0131 da sa\u011flamaktad\u0131r. Elektrik tesisat\u0131n\u0131 gizlemek ama\u00e7l\u0131 da tercih edilir. Bu ve bunun gibi sebeplerle bir\u00e7ok alanda kullan\u0131m\u0131 yayg\u0131nd\u0131r. <strong>Asma tavan yap\u0131m\u0131 <\/strong>olduk\u00e7a basit ve \u015f\u0131k \u00e7\u00f6z\u00fcmler sunmaktad\u0131r. \u0130lk olarak asma tavan \u0131zgaras\u0131 uygun \u00f6l\u00e7\u00fclerde monte edilir. Ard\u0131ndan hangi malzeme kullan\u0131lacaksa o malzemenin <strong>asma tavan panelleri<\/strong> uygulan\u0131r. \u0130stek do\u011frultusunda led ve spot gibi elemanlar eklenebilir. Konutlarda son zamanlarda olduk\u00e7a tercih edilen <strong>asma tavan kaplama<\/strong>; insan sirk\u00fclasyonunun fazla oldu\u011fu kafe, ma\u011faza, ofis, metro istasyonlar\u0131, hastane ve kamu yap\u0131lar\u0131nda da kullan\u0131l\u0131r.<strong> Asma tavan sistemleri <\/strong>g\u00fcr\u00fclt\u00fcy\u00fc azaltmas\u0131yla b\u00fcy\u00fck alanlarda insanlara yarar sa\u011flamaktad\u0131r.<\/p>\n<h2><span class=\"ez-toc-section\" id=\"Asma_Tavan_Cesitleri\"><\/span><strong>Asma Tavan \u00c7e\u015fitleri<\/strong><span class=\"ez-toc-section-end\"><\/span><\/h2>\n<p>Pek \u00e7ok alanda kullan\u0131lan<strong> asma tavan modelleri<\/strong> her alana uyum sa\u011flamas\u0131 i\u00e7in farkl\u0131 \u00e7e\u015fitleri i\u00e7erir. Farkl\u0131 \u00f6zellikleri olan bu \u00e7e\u015fitler alternatif \u00e7\u00f6z\u00fcmler sunmaktad\u0131r.<\/p>\n<ul>\n<li><strong>Al\u00e7\u0131pan asma tavan<\/strong>; yang\u0131na dayan\u0131kl\u0131, tavan akusti\u011fi sa\u011flayan bir \u00e7e\u015fittir. Hafif olan bu malzeme depreme dayan\u0131kl\u0131 yap\u0131larda kullan\u0131l\u0131r. Elektrik ve s\u0131hhi tesisat\u0131n gizlenmesine olanak sa\u011flar.<\/li>\n<\/ul>\n<p><a href=\"https:\/\/www.aykutozdemir.com.tr\/insaat\/wp-content\/uploads\/2022\/03\/alcipan-asma-tavan.jpg\"><img loading=\"lazy\" decoding=\"async\" class=\"size-large wp-image-9239\" src=\"data:image\/png;base64,iVBORw0KGgoAAAANSUhEUgAAAYYAAADcAQMAAABOLJSDAAAAA1BMVEUAAACnej3aAAAAAXRSTlMAQObYZgAAACJJREFUaIHtwTEBAAAAwqD1T20ND6AAAAAAAAAAAAAA4N8AKvgAAUFIrrEAAAAASUVORK5CYII=\" data-src=\"https:\/\/www.aykutozdemir.com.tr\/insaat\/wp-content\/uploads\/2022\/03\/alcipan-asma-tavan-500x282.jpg\" alt=\"Al\u00e7\u0131pan asma tavan\" width=\"500\" height=\"282\" \/><noscript><img loading=\"lazy\" decoding=\"async\" class=\"size-large wp-image-9239\" src=\"https:\/\/www.aykutozdemir.com.tr\/insaat\/wp-content\/uploads\/2022\/03\/alcipan-asma-tavan-500x282.jpg\" alt=\"Al\u00e7\u0131pan asma tavan\" width=\"500\" height=\"282\" \/><\/noscript><\/a><\/p>\n<ul>\n<li><strong>Metal asma tavan<\/strong>; genelde hastane, okul gibi b\u00fcy\u00fck kamu yap\u0131lar\u0131nda tercih edilmektedir. Uygulanan alana ferahl\u0131k, konfor, dayan\u0131kl\u0131l\u0131k ve akustik \u00f6zelli\u011fi katar. Bakteri \u00fcretmeyen yap\u0131s\u0131 san\u0131ld\u0131\u011f\u0131n\u0131n aksine hafiftir. Kolay temizli\u011fi yap\u0131labilir.<\/li>\n<\/ul>\n<p><a href=\"https:\/\/www.aykutozdemir.com.tr\/insaat\/wp-content\/uploads\/2022\/03\/metal-asma-tavan.jpg\"><img loading=\"lazy\" decoding=\"async\" class=\"aligncenter size-large wp-image-9242\" src=\"data:image\/png;base64,iVBORw0KGgoAAAANSUhEUgAAAYYAAADcAQMAAABOLJSDAAAAA1BMVEUAAACnej3aAAAAAXRSTlMAQObYZgAAACJJREFUaIHtwTEBAAAAwqD1T20ND6AAAAAAAAAAAAAA4N8AKvgAAUFIrrEAAAAASUVORK5CYII=\" data-src=\"https:\/\/www.aykutozdemir.com.tr\/insaat\/wp-content\/uploads\/2022\/03\/metal-asma-tavan-500x250.jpg\" alt=\"\" width=\"500\" height=\"250\" \/><noscript><img loading=\"lazy\" decoding=\"async\" class=\"aligncenter size-large wp-image-9242\" src=\"https:\/\/www.aykutozdemir.com.tr\/insaat\/wp-content\/uploads\/2022\/03\/metal-asma-tavan-500x250.jpg\" alt=\"\" width=\"500\" height=\"250\" \/><\/noscript><\/a><\/p>\n<p>&nbsp;<\/p>\n<ul>\n<li><strong>Ta\u015f y\u00fcn\u00fc asma tavan; <\/strong>hijyenik ve insan sa\u011fl\u0131\u011f\u0131na zararl\u0131 olmayan bu t\u00fcr, baz\u0131 ta\u015flar\u0131n ezilmesinin ard\u0131ndan \u00e7e\u015fitli kimyasallarla birle\u015ferek olu\u015fan ta\u015f y\u00fcn\u00fc esas al\u0131narak olu\u015fturulur. Beyaz renkte kullan\u0131l\u0131rken boyanabilir \u00f6zelli\u011fiyle alternatif renklere de d\u00f6n\u00fc\u015ft\u00fcr\u00fclmektedir. Yang\u0131na kar\u015f\u0131 dayan\u0131kl\u0131d\u0131r.<\/li>\n<\/ul>\n<p><a href=\"https:\/\/www.aykutozdemir.com.tr\/insaat\/wp-content\/uploads\/2022\/03\/Tas-yunu-asma-tavan.jpg\"><img loading=\"lazy\" decoding=\"async\" class=\"aligncenter size-large wp-image-9244\" src=\"data:image\/png;base64,iVBORw0KGgoAAAANSUhEUgAAAYYAAADcAQMAAABOLJSDAAAAA1BMVEUAAACnej3aAAAAAXRSTlMAQObYZgAAACJJREFUaIHtwTEBAAAAwqD1T20ND6AAAAAAAAAAAAAA4N8AKvgAAUFIrrEAAAAASUVORK5CYII=\" data-src=\"https:\/\/www.aykutozdemir.com.tr\/insaat\/wp-content\/uploads\/2022\/03\/Tas-yunu-asma-tavan-500x346.jpg\" alt=\"\" width=\"500\" height=\"346\" \/><noscript><img loading=\"lazy\" decoding=\"async\" class=\"aligncenter size-large wp-image-9244\" src=\"https:\/\/www.aykutozdemir.com.tr\/insaat\/wp-content\/uploads\/2022\/03\/Tas-yunu-asma-tavan-500x346.jpg\" alt=\"\" width=\"500\" height=\"346\" \/><\/noscript><\/a><\/p>\n<ul>\n<li><strong>Al\u00fcminyum asma tavan<\/strong>; metal plakalardan olu\u015fan bu asma tavan sistemi \u00e7ok geni\u015f kullan\u0131m alan\u0131 sunmaktad\u0131r. Montaj\u0131 kolayd\u0131r, kullan\u0131\u015fl\u0131 ve dayan\u0131kl\u0131d\u0131r. Spor salonlar\u0131, hastaneler, banka, ma\u011fazalar, ofis gibi kamu ve ticari yap\u0131larda sa\u011flad\u0131\u011f\u0131 avantajlar sebebiyle tercih edilmektedir.<\/li>\n<\/ul>\n<p><a href=\"https:\/\/www.aykutozdemir.com.tr\/insaat\/wp-content\/uploads\/2022\/03\/Aluminyum-asma-tavan.jpg\"><img loading=\"lazy\" decoding=\"async\" class=\"aligncenter size-large wp-image-9246\" src=\"data:image\/png;base64,iVBORw0KGgoAAAANSUhEUgAAAYYAAADcAQMAAABOLJSDAAAAA1BMVEUAAACnej3aAAAAAXRSTlMAQObYZgAAACJJREFUaIHtwTEBAAAAwqD1T20ND6AAAAAAAAAAAAAA4N8AKvgAAUFIrrEAAAAASUVORK5CYII=\" data-src=\"https:\/\/www.aykutozdemir.com.tr\/insaat\/wp-content\/uploads\/2022\/03\/Aluminyum-asma-tavan-500x250.jpg\" alt=\"\" width=\"500\" height=\"250\" \/><noscript><img loading=\"lazy\" decoding=\"async\" class=\"aligncenter size-large wp-image-9246\" src=\"https:\/\/www.aykutozdemir.com.tr\/insaat\/wp-content\/uploads\/2022\/03\/Aluminyum-asma-tavan-500x250.jpg\" alt=\"\" width=\"500\" height=\"250\" \/><\/noscript><\/a><\/p>\n<ul>\n<li><strong>Petek asma tavan<\/strong>; petek g\u00f6r\u00fcnt\u00fcs\u00fc sunan bu sistem i\u00e7 i\u00e7e ge\u00e7irilmi\u015f al\u00fcminyum panellerden olu\u015fur. G\u00f6zenekli yap\u0131s\u0131yla \u0131\u015f\u0131k elamanlar\u0131yla birlikte e\u015fsiz tasar\u0131mlar olu\u015fturulabilir. Mazgal yap\u0131s\u0131yla mek\u00e2ndaki kirli hava ve duman\u0131 d\u0131\u015far\u0131 atar. AVM, restoranlarda kullan\u0131l\u0131r.<\/li>\n<\/ul>\n<p><a href=\"https:\/\/www.aykutozdemir.com.tr\/insaat\/wp-content\/uploads\/2022\/03\/Petek-asma-tavan.jpg\"><img loading=\"lazy\" decoding=\"async\" class=\"aligncenter size-large wp-image-9240\" src=\"data:image\/png;base64,iVBORw0KGgoAAAANSUhEUgAAAYYAAADcAQMAAABOLJSDAAAAA1BMVEUAAACnej3aAAAAAXRSTlMAQObYZgAAACJJREFUaIHtwTEBAAAAwqD1T20ND6AAAAAAAAAAAAAA4N8AKvgAAUFIrrEAAAAASUVORK5CYII=\" data-src=\"https:\/\/www.aykutozdemir.com.tr\/insaat\/wp-content\/uploads\/2022\/03\/Petek-asma-tavan-500x334.jpg\" alt=\"\" width=\"500\" height=\"334\" \/><noscript><img loading=\"lazy\" decoding=\"async\" class=\"aligncenter size-large wp-image-9240\" src=\"https:\/\/www.aykutozdemir.com.tr\/insaat\/wp-content\/uploads\/2022\/03\/Petek-asma-tavan-500x334.jpg\" alt=\"\" width=\"500\" height=\"334\" \/><\/noscript><\/a><\/p>\n<ul>\n<li><strong>Karolam asma tavan<\/strong>; \u00f6n k\u0131sm\u0131 vinil kapl\u0131yken di\u011fer y\u00fcn\u00fc al\u00fcminyum kapl\u0131 <strong>asma tava sistemleri<\/strong>dir. Karolardan veya karolamdan olu\u015fur.\u00a0 Delikli yap\u0131s\u0131yla dikkat \u00e7ekerken tesisat, \u0131\u015f\u0131k gibi ba\u011flant\u0131larda dikkatli i\u015f\u00e7ilik gerekmektedir.<\/li>\n<\/ul>\n<p><a href=\"https:\/\/www.aykutozdemir.com.tr\/insaat\/wp-content\/uploads\/2022\/03\/Karolam-asma-tavan.jpg\"><img loading=\"lazy\" decoding=\"async\" class=\"aligncenter size-large wp-image-9245\" src=\"data:image\/png;base64,iVBORw0KGgoAAAANSUhEUgAAAYYAAADcAQMAAABOLJSDAAAAA1BMVEUAAACnej3aAAAAAXRSTlMAQObYZgAAACJJREFUaIHtwTEBAAAAwqD1T20ND6AAAAAAAAAAAAAA4N8AKvgAAUFIrrEAAAAASUVORK5CYII=\" data-src=\"https:\/\/www.aykutozdemir.com.tr\/insaat\/wp-content\/uploads\/2022\/03\/Karolam-asma-tavan-500x241.jpg\" alt=\"\" width=\"500\" height=\"241\" \/><noscript><img loading=\"lazy\" decoding=\"async\" class=\"aligncenter size-large wp-image-9245\" src=\"https:\/\/www.aykutozdemir.com.tr\/insaat\/wp-content\/uploads\/2022\/03\/Karolam-asma-tavan-500x241.jpg\" alt=\"\" width=\"500\" height=\"241\" \/><\/noscript><\/a><\/p>\n<h3><span class=\"ez-toc-section\" id=\"Ters_tavan_nedir\"><\/span>Ters tavan nedir?<span class=\"ez-toc-section-end\"><\/span><\/h3>\n<p>Asma tavan uygulamas\u0131na verilen di\u011fer bir adland\u0131rmad\u0131r diyebiliriz.\u00a0 Teknik literad\u00fcrde daha \u00e7ok asma tavan terimi kullan\u0131lsa da, \u015fekli itibariyle halk aras\u0131nda ters tavan olarak kullan\u0131m\u0131 daha yayg\u0131nd\u0131r. Bu nedenle <strong>ters tavan modelleri<\/strong> veya <strong>ters tavan fiyatlar\u0131<\/strong> olarak arama yaparken, daha do\u011fru bilgiye ula\u015fmak i\u00e7in &#8220;asma tavan&#8221; \u015feklinde de ara\u015ft\u0131rman\u0131z \u00f6nem arz etmektedir.<\/p>\n<h3><span class=\"ez-toc-section\" id=\"Havuz_tavan_nedir\"><\/span>Havuz tavan nedir?<span class=\"ez-toc-section-end\"><\/span><\/h3>\n<p>Havuz tavan da bir asma tavan modelidir. Kenarlarda daha al\u00e7ak bantlar d\u00f6n\u00fclerek elde edilen ters havuz g\u00f6r\u00fcn\u00fcm\u00fcndeki asma tavan tipidir.\u00a0 A\u015fa\u011f\u0131da \u00f6rnek iki model vard\u0131r, \u00e7ok daha farkl\u0131 ve ilgin\u00e7 yap\u0131larda olabilir.<\/p>\n<p><a href=\"https:\/\/www.aykutozdemir.com.tr\/insaat\/wp-content\/uploads\/2022\/03\/havuz-tavan-1.jpg\"><img loading=\"lazy\" decoding=\"async\" class=\"aligncenter size-large wp-image-9241\" src=\"data:image\/png;base64,iVBORw0KGgoAAAANSUhEUgAAAYYAAADcAQMAAABOLJSDAAAAA1BMVEUAAACnej3aAAAAAXRSTlMAQObYZgAAACJJREFUaIHtwTEBAAAAwqD1T20ND6AAAAAAAAAAAAAA4N8AKvgAAUFIrrEAAAAASUVORK5CYII=\" data-src=\"https:\/\/www.aykutozdemir.com.tr\/insaat\/wp-content\/uploads\/2022\/03\/havuz-tavan-1-500x284.jpg\" alt=\"\" width=\"500\" height=\"284\" \/><noscript><img loading=\"lazy\" decoding=\"async\" class=\"aligncenter size-large wp-image-9241\" src=\"https:\/\/www.aykutozdemir.com.tr\/insaat\/wp-content\/uploads\/2022\/03\/havuz-tavan-1-500x284.jpg\" alt=\"\" width=\"500\" height=\"284\" \/><\/noscript><\/a><\/p>\n<p><a href=\"https:\/\/www.aykutozdemir.com.tr\/insaat\/wp-content\/uploads\/2022\/03\/havuz-tavan-.jpg\"><img loading=\"lazy\" decoding=\"async\" class=\"aligncenter size-large wp-image-9243\" src=\"data:image\/png;base64,iVBORw0KGgoAAAANSUhEUgAAAYYAAADcAQMAAABOLJSDAAAAA1BMVEUAAACnej3aAAAAAXRSTlMAQObYZgAAACJJREFUaIHtwTEBAAAAwqD1T20ND6AAAAAAAAAAAAAA4N8AKvgAAUFIrrEAAAAASUVORK5CYII=\" data-src=\"https:\/\/www.aykutozdemir.com.tr\/insaat\/wp-content\/uploads\/2022\/03\/havuz-tavan--500x375.jpg\" alt=\"\" width=\"500\" height=\"375\" \/><noscript><img loading=\"lazy\" decoding=\"async\" class=\"aligncenter size-large wp-image-9243\" src=\"https:\/\/www.aykutozdemir.com.tr\/insaat\/wp-content\/uploads\/2022\/03\/havuz-tavan--500x375.jpg\" alt=\"\" width=\"500\" height=\"375\" \/><\/noscript><\/a><\/p>\n<p>&nbsp;<\/p>\n<p>&nbsp;<\/p>\n<p>&nbsp;<\/p>\n","protected":false},"excerpt":{"rendered":"<p>Asma Tavan Fiyatlar\u0131 &nbsp; Tabloda yer alan asmatavan metrekare fiyat\u0131 kdv hari\u00e7tir. Fiyatlara asma tavan&#46;&#46;&#46;<\/p>\n","protected":false},"author":1,"featured_media":7515,"comment_status":"open","ping_status":"open","sticky":false,"template":"","format":"standard","meta":{"footnotes":""},"categories":[2437],"tags":[1660,1350],"class_list":["post-9238","post","type-post","status-publish","format-standard","has-post-thumbnail","hentry","category-fiyatlar","tag-birim-fiyat","tag-maliyet"],"aioseo_notices":[],"amp_enabled":true,"_links":{"self":[{"href":"https:\/\/www.aykutozdemir.com.tr\/insaat\/wp-json\/wp\/v2\/posts\/9238","targetHints":{"allow":["GET"]}}],"collection":[{"href":"https:\/\/www.aykutozdemir.com.tr\/insaat\/wp-json\/wp\/v2\/posts"}],"about":[{"href":"https:\/\/www.aykutozdemir.com.tr\/insaat\/wp-json\/wp\/v2\/types\/post"}],"author":[{"embeddable":true,"href":"https:\/\/www.aykutozdemir.com.tr\/insaat\/wp-json\/wp\/v2\/users\/1"}],"replies":[{"embeddable":true,"href":"https:\/\/www.aykutozdemir.com.tr\/insaat\/wp-json\/wp\/v2\/comments?post=9238"}],"version-history":[{"count":2,"href":"https:\/\/www.aykutozdemir.com.tr\/insaat\/wp-json\/wp\/v2\/posts\/9238\/revisions"}],"predecessor-version":[{"id":9250,"href":"https:\/\/www.aykutozdemir.com.tr\/insaat\/wp-json\/wp\/v2\/posts\/9238\/revisions\/9250"}],"wp:featuredmedia":[{"embeddable":true,"href":"https:\/\/www.aykutozdemir.com.tr\/insaat\/wp-json\/wp\/v2\/media\/7515"}],"wp:attachment":[{"href":"https:\/\/www.aykutozdemir.com.tr\/insaat\/wp-json\/wp\/v2\/media?parent=9238"}],"wp:term":[{"taxonomy":"category","embeddable":true,"href":"https:\/\/www.aykutozdemir.com.tr\/insaat\/wp-json\/wp\/v2\/categories?post=9238"},{"taxonomy":"post_tag","embeddable":true,"href":"https:\/\/www.aykutozdemir.com.tr\/insaat\/wp-json\/wp\/v2\/tags?post=9238"}],"curies":[{"name":"wp","href":"https:\/\/api.w.org\/{rel}","templated":true}]}}