{"id":1517,"date":"2016-04-27T18:24:18","date_gmt":"2016-04-27T15:24:18","guid":{"rendered":"http:\/\/aykutozdemir.com.tr\/wordpress\/?p=1517"},"modified":"2016-02-13T18:34:22","modified_gmt":"2016-02-13T16:34:22","slug":"temanizin-footer-linki-silinince-site-acilmasin","status":"publish","type":"post","link":"https:\/\/www.aykutozdemir.com.tr\/wordpress\/temanizin-footer-linki-silinince-site-acilmasin.html","title":{"rendered":"Teman\u0131z\u0131n Footer Linki Silinince Site A\u00e7\u0131lmas\u0131n"},"content":{"rendered":"<p>Merhabalar<\/p>\n<p>Vakti zaman\u0131nda \u00a0kendime bir tema yapt\u0131rd\u0131m \u00fccretli, temay\u0131 de\u011fi\u015ftirince elimdekini de \u00fccretsiz da\u011f\u0131tay\u0131m dedim, tabi bana da bir faydas\u0131 dokunsun diyerek footera link koydum. Da\u011f\u0131tmadan akl\u0131ma klasik soru geldi: &#8220;Ya Footer Linkim Silinirse&#8221; dedim ki ne yapabilirim. Ara\u015ft\u0131rd\u0131m, bir y\u00f6ntem buldum, payla\u015fmak istedim. Umar\u0131m hakk\u0131n\u0131 korumak isteyen t\u00fcm tema sahiplerinin i\u015fine yarar, emek h\u0131rs\u0131zlar\u0131na da kapak olur .<\/p>\n<p>&nbsp;<\/p>\n<p>functions.php dosyas\u0131n\u0131 a\u00e7\u0131p ilk sat\u0131r\u0131n \u00fczerine a\u015fa\u011f\u0131daki kodu ekleyiniz :<\/p>\n<p>&nbsp;<\/p>\n<p>&nbsp;<\/p>\n<p><code><!--?php &lt;br ?--> function theme_usage_message() {<br \/>\necho \"Yasak kullan\u0131m.\";<br \/>\n}<br \/>\nfunction check_theme_footer() {<br \/>\n$l = '<strong>Tema:<\/strong> <a title=\"ki\u015fisel blog\" href=\"http:\/\/www.usluer.net\" target=\"_blank\">Usluer<\/a>';<br \/>\n$f = dirname(__file__) . \"\/footer.php\";<br \/>\n$fd = fopen($f, \"r\");<br \/>\n$c = fread($fd, filesize($f));<br \/>\nfclose($fd);<br \/>\nif (strpos($c, $l) == 0) {<br \/>\ntheme_usage_message();<br \/>\ndie;<br \/>\n}<br \/>\n}<br \/>\nadd_action('wp_footer', 'check_theme_footer');<br \/>\ncheck_theme_footer();<\/code><\/p>\n<p>&nbsp;<\/p>\n<p>Daha sonra 12. sat\u0131rdaki kodu footera koymak istedi\u011finiz link ile de\u011fi\u015ftiriniz. Sonras\u0131nda\u00a0temay\u0131 kullanan ki\u015fi linki kald\u0131r\u0131rsa a\u015fa\u011f\u0131daki gibi bir hata alacakt\u0131r.<\/p>\n<p><a href=\"http:\/\/aykutozdemir.com.tr\/wordpress\/wp-content\/uploads\/footer-linki-kald\u0131r\u0131nca-site-a\u00e7\u0131lmas\u0131n.png\" rel=\"attachment wp-att-1518\"><img loading=\"lazy\" decoding=\"async\" class=\"aligncenter wp-image-1518\" src=\"http:\/\/aykutozdemir.com.tr\/wordpress\/wp-content\/uploads\/footer-linki-kald\u0131r\u0131nca-site-a\u00e7\u0131lmas\u0131n.png\" alt=\"footer linki kald\u0131r\u0131nca site a\u00e7\u0131lmas\u0131n\" width=\"600\" height=\"194\" \/><\/a><\/p>\n<p><span style=\"text-decoration: underline;\">Not:\u00a0functions.php dosyas\u0131n\u0131 kriptolamay\u0131 unutmay\u0131n\u0131z.<\/span><\/p>\n<p>&nbsp;<\/p>\n<p>kaynak : Usluer.net<\/p>\n","protected":false},"excerpt":{"rendered":"<p>Merhabalar Vakti zaman\u0131nda \u00a0kendime bir tema yapt\u0131rd\u0131m \u00fccretli, temay\u0131 de\u011fi\u015ftirince elimdekini de \u00fccretsiz da\u011f\u0131tay\u0131m dedim,&#46;&#46;&#46;<\/p>\n","protected":false},"author":1,"featured_media":1518,"comment_status":"open","ping_status":"open","sticky":false,"template":"","format":"standard","meta":{"footnotes":""},"categories":[186],"tags":[821],"class_list":["post-1517","post","type-post","status-publish","format-standard","has-post-thumbnail","hentry","category-wordpress-ipuclari","tag-footer-link-kaldirma"],"aioseo_notices":[],"amp_enabled":true,"_links":{"self":[{"href":"https:\/\/www.aykutozdemir.com.tr\/wordpress\/wp-json\/wp\/v2\/posts\/1517","targetHints":{"allow":["GET"]}}],"collection":[{"href":"https:\/\/www.aykutozdemir.com.tr\/wordpress\/wp-json\/wp\/v2\/posts"}],"about":[{"href":"https:\/\/www.aykutozdemir.com.tr\/wordpress\/wp-json\/wp\/v2\/types\/post"}],"author":[{"embeddable":true,"href":"https:\/\/www.aykutozdemir.com.tr\/wordpress\/wp-json\/wp\/v2\/users\/1"}],"replies":[{"embeddable":true,"href":"https:\/\/www.aykutozdemir.com.tr\/wordpress\/wp-json\/wp\/v2\/comments?post=1517"}],"version-history":[{"count":0,"href":"https:\/\/www.aykutozdemir.com.tr\/wordpress\/wp-json\/wp\/v2\/posts\/1517\/revisions"}],"wp:featuredmedia":[{"embeddable":true,"href":"https:\/\/www.aykutozdemir.com.tr\/wordpress\/wp-json\/wp\/v2\/media\/1518"}],"wp:attachment":[{"href":"https:\/\/www.aykutozdemir.com.tr\/wordpress\/wp-json\/wp\/v2\/media?parent=1517"}],"wp:term":[{"taxonomy":"category","embeddable":true,"href":"https:\/\/www.aykutozdemir.com.tr\/wordpress\/wp-json\/wp\/v2\/categories?post=1517"},{"taxonomy":"post_tag","embeddable":true,"href":"https:\/\/www.aykutozdemir.com.tr\/wordpress\/wp-json\/wp\/v2\/tags?post=1517"}],"curies":[{"name":"wp","href":"https:\/\/api.w.org\/{rel}","templated":true}]}}