{"id":2029,"date":"2016-11-11T12:40:47","date_gmt":"2016-11-11T09:40:47","guid":{"rendered":"http:\/\/aykutozdemir.com.tr\/wordpress\/?p=2029"},"modified":"2021-06-20T00:47:39","modified_gmt":"2021-06-19T21:47:39","slug":"facebook-at-work-nedir-nasil-kullanilir","status":"publish","type":"post","link":"https:\/\/www.aykutozdemir.com.tr\/wordpress\/facebook-at-work-nedir-nasil-kullanilir.html","title":{"rendered":"Facebook at Work nedir, nas\u0131l kullan\u0131l\u0131r?"},"content":{"rendered":"<p>D\u00fcnyan\u0131n en s\u0131k kullan\u0131lan sosyal medya a\u011f\u0131 Facebook, hayat\u0131m\u0131z\u0131n her alan\u0131na dahil olmakta \u00e7ok \u0131srarc\u0131. Sanal ger\u00e7eklik, mesajla\u015fma ve oyun alan\u0131 ba\u015fta olmak \u00fczere bir\u00e7ok farkl\u0131 kategoride hizmet vermeye devam eden Facebook; bu sefer g\u00f6z\u00fcne ofis \u00e7al\u0131\u015fanlar\u0131n\u0131 kestirmi\u015f bulunuyor. &#8220;Facebook at Work&#8221; ismini verdi\u011fi yeni bir uygulamay\u0131 yay\u0131na alan Facebook, b\u00f6ylece kullan\u0131c\u0131lar\u0131n i\u015f organizasyonlar\u0131n\u0131 da sosyal medya platformu \u00fczerinden sa\u011flayabilmelerini hedefliyor.<\/p>\n<p><img loading=\"lazy\" decoding=\"async\" class=\"alignnone wp-image-2031\" src=\"http:\/\/aykutozdemir.com.tr\/wordpress\/wp-content\/uploads\/yyrjefzfdbzvzlusqwtq.png\" alt=\"yyrjefzfdbzvzlusqwtq\" width=\"500\" height=\"369\" \/><\/p>\n<p>Hen\u00fcz kapal\u0131 beta s\u00fcrecinde olan uygulamaya \u015fimdilik Norve\u00e7&#8217;in en b\u00fcy\u00fck telekom\u00fcnikasyon \u015firketi Telenor ve Booking.com gibi firmalar dahil olmu\u015f g\u00f6z\u00fck\u00fcyor.<\/p>\n<h2>Nas\u0131l \u00e7al\u0131\u015f\u0131yor?<\/h2>\n<p>Facebook at Work&#8217;\u00fcn as\u0131l amac\u0131, kullan\u0131c\u0131lar\u0131n ba\u015fka bir yaz\u0131l\u0131m kullanmaya ihtiya\u00e7 duymadan i\u015f ak\u0131\u015f\u0131n\u0131 Facebook&#8217;tan sa\u011flayabilmesi. G\u00f6rev tan\u0131mlamalar\u0131, proje takibi, dosya payla\u015f\u0131m\u0131 gibi bir\u00e7ok \u00f6zellik Facebook at Work&#8217;e eklenmi\u015f durumda. Uygulamaya giri\u015f yapmak i\u00e7in \u015firket e-postas\u0131yla ba\u015fvuru yapman\u0131z ve talebinizin kabul g\u00f6rmesi gerekiyor. Bildi\u011fimiz kadar\u0131yla T\u00fcrkiye&#8217;den hi\u00e7bir \u015firket hen\u00fcz bu servisi kullanmaya ba\u015flam\u0131\u015f de\u011fil. Daha \u00e7ok yabanc\u0131 \u015firketlerin talepleri kabul g\u00f6r\u00fcyor gibi.<\/p>\n<h2>\u00dccretli mi?<\/h2>\n<p>\u015eirketler bu yeni servisi 3 ay boyunca \u00fccretsiz deneyebiliyorlar. Daha sonra ise her kullan\u0131c\u0131 ba\u015f\u0131na ayl\u0131k 3$&#8217;dan ba\u015flayan fiyatlarla servisten faydalanmaya devam edebiliyorlar.<\/p>\n<p>S\u0131n\u0131rs\u0131z dosya ve video payla\u015f\u0131m\u0131, canl\u0131 yay\u0131n deste\u011fi, bilgi i\u015flemcilerin i\u00e7in monitoring (izleme) yaz\u0131l\u0131mlar\u0131, Windows Azure gibi bulut bili\u015fim servisleriyle entegre \u00e7al\u0131\u015fma gibi bir\u00e7ok avantaj da Facebook at Work&#8217;te mevcut durumda.<\/p>\n","protected":false},"excerpt":{"rendered":"<p>D\u00fcnyan\u0131n en s\u0131k kullan\u0131lan sosyal medya a\u011f\u0131 Facebook, hayat\u0131m\u0131z\u0131n her alan\u0131na dahil olmakta \u00e7ok \u0131srarc\u0131.&#46;&#46;&#46;<\/p>\n","protected":false},"author":1,"featured_media":2030,"comment_status":"open","ping_status":"open","sticky":false,"template":"","format":"standard","meta":{"footnotes":""},"categories":[1],"tags":[],"class_list":["post-2029","post","type-post","status-publish","format-standard","has-post-thumbnail","hentry","category-arsiv"],"aioseo_notices":[],"amp_enabled":true,"_links":{"self":[{"href":"https:\/\/www.aykutozdemir.com.tr\/wordpress\/wp-json\/wp\/v2\/posts\/2029","targetHints":{"allow":["GET"]}}],"collection":[{"href":"https:\/\/www.aykutozdemir.com.tr\/wordpress\/wp-json\/wp\/v2\/posts"}],"about":[{"href":"https:\/\/www.aykutozdemir.com.tr\/wordpress\/wp-json\/wp\/v2\/types\/post"}],"author":[{"embeddable":true,"href":"https:\/\/www.aykutozdemir.com.tr\/wordpress\/wp-json\/wp\/v2\/users\/1"}],"replies":[{"embeddable":true,"href":"https:\/\/www.aykutozdemir.com.tr\/wordpress\/wp-json\/wp\/v2\/comments?post=2029"}],"version-history":[{"count":0,"href":"https:\/\/www.aykutozdemir.com.tr\/wordpress\/wp-json\/wp\/v2\/posts\/2029\/revisions"}],"wp:featuredmedia":[{"embeddable":true,"href":"https:\/\/www.aykutozdemir.com.tr\/wordpress\/wp-json\/wp\/v2\/media\/2030"}],"wp:attachment":[{"href":"https:\/\/www.aykutozdemir.com.tr\/wordpress\/wp-json\/wp\/v2\/media?parent=2029"}],"wp:term":[{"taxonomy":"category","embeddable":true,"href":"https:\/\/www.aykutozdemir.com.tr\/wordpress\/wp-json\/wp\/v2\/categories?post=2029"},{"taxonomy":"post_tag","embeddable":true,"href":"https:\/\/www.aykutozdemir.com.tr\/wordpress\/wp-json\/wp\/v2\/tags?post=2029"}],"curies":[{"name":"wp","href":"https:\/\/api.w.org\/{rel}","templated":true}]}}