{"id":2273,"date":"2017-01-17T22:05:11","date_gmt":"2017-01-17T19:05:11","guid":{"rendered":"http:\/\/aykutozdemir.com.tr\/wordpress\/?p=2273"},"modified":"2021-06-20T00:47:39","modified_gmt":"2021-06-19T21:47:39","slug":"instagramda-zamanlayarak-fotograf-nasil-paylasilir","status":"publish","type":"post","link":"https:\/\/www.aykutozdemir.com.tr\/wordpress\/instagramda-zamanlayarak-fotograf-nasil-paylasilir.html","title":{"rendered":"Instagram&#8217;da zamanlayarak foto\u011fraf nas\u0131l payla\u015f\u0131l\u0131r?"},"content":{"rendered":"<p>Instagram hesab\u0131n\u0131z \u00fczerinden foto\u011fraflar payla\u015farak takip\u00e7ilerinizle etkile\u015fime ge\u00e7meyi bir tutku haline getirdiyseniz, d\u00fczenli aral\u0131klarla bu al\u0131\u015fkanl\u0131\u011f\u0131 s\u00fcrd\u00fcrmek isteyebilirsiniz. Ancak hayat\u0131n \u015fartlar\u0131 gere\u011fi ne yaz\u0131k ki her zaman bilgisayar veya cep telefonu ba\u015f\u0131nda durman\u0131z m\u00fcmk\u00fcn olmayabiliyor.<\/p>\n<p>Kimi zaman tatilde, kimi zaman da seyahatte olabilece\u011finiz i\u00e7in siz internete ba\u011fl\u0131 de\u011filken bile sizin yerinize Instagram&#8217;\u0131n otomatik olarak zamanlad\u0131\u011f\u0131n\u0131z payla\u015f\u0131mlar\u0131 g\u00f6ndermesini isteyebilirsiniz.<\/p>\n<p>Ne yaz\u0131k ki Intagram&#8217;da dahili olarak bu t\u00fcr bir \u00f6zellik mevcut de\u011fil. Bunun yerine \u00fc\u00e7\u00fcnc\u00fc parti servisleri kullanmak zorundas\u0131n\u0131z. Bu servislerin ba\u015f\u0131nda ise <strong>Buffer<\/strong> geliyor.<\/p>\n<h2>Siz zamanlay\u0131n, Buffer payla\u015fs\u0131n!<\/h2>\n<p>Buffer.com adresinden ula\u015fabilece\u011finiz bu site, \u00f6zellikle sosyal medya uzmanlar\u0131n\u0131n i\u015fini \u00e7ok kolayla\u015ft\u0131r\u0131yor. M\u00fcsait bir zamanda hangi g\u00fcn, hangi saatte, hangi foto\u011fraf\u0131n payla\u015f\u0131lmas\u0131n\u0131 istedi\u011finizi belirleyerek Buffer&#8217;den \u00e7\u0131k\u0131\u015f yapt\u0131ktan sonra Instagram hesab\u0131n\u0131zda ilgili payla\u015f\u0131m\u0131n yap\u0131lmas\u0131n\u0131 izleyebiliyorsunuz.<\/p>\n<p>\u0130\u015fin g\u00fczel yan\u0131, Buffer&#8217;in \u00fcst\u00fcn yetenekleri sadece Instagram&#8217;\u0131 da kapsam\u0131yor. Facebook, Twitter, Google Plus+ ve LinkedIn gibi pop\u00fcler sosyal mecralarda ayn\u0131 \u00f6zelli\u011fi kullanabilmeniz m\u00fcmk\u00fcn.<\/p>\n<p>Sisteme \u00fcye kayd\u0131n\u0131z\u0131 ger\u00e7ekle\u015ftirdikten sonra Buffer&#8217;a ba\u011flayaca\u011f\u0131n\u0131z sosyal medya sitesinin uygulamas\u0131na eri\u015fim izni vermeniz gerekiyor. Sizin ad\u0131n\u0131za, haberiniz olmadan hi\u00e7bir payla\u015f\u0131m yapmama s\u00f6z\u00fc veren Buffer&#8217;a g\u00f6n\u00fcl rahatl\u0131\u011f\u0131yla g\u00fcvenebilirsiniz.<\/p>\n<p>Daha sonra Instagram hesab\u0131n\u0131zdan payla\u015fmak istedi\u011finiz foto\u011fraf\u0131 Buffer&#8217;a y\u00fcklemeniz gerekiyor. Foto\u011frafa a\u00e7\u0131klama olarak haz\u0131rlad\u0131\u011f\u0131n\u0131z metni do\u011frudan Buffer&#8217;a yap\u0131\u015ft\u0131rabilir, etiketleri de belirledikten sonra payla\u015f\u0131m\u0131n saat ve tarihini belirleyebilirsiniz. Hepsi bu kadar!<\/p>\n","protected":false},"excerpt":{"rendered":"<p>Instagram hesab\u0131n\u0131z \u00fczerinden foto\u011fraflar payla\u015farak takip\u00e7ilerinizle etkile\u015fime ge\u00e7meyi bir tutku haline getirdiyseniz, d\u00fczenli aral\u0131klarla bu&#46;&#46;&#46;<\/p>\n","protected":false},"author":1,"featured_media":1249,"comment_status":"open","ping_status":"open","sticky":false,"template":"","format":"standard","meta":{"footnotes":""},"categories":[1],"tags":[590],"class_list":["post-2273","post","type-post","status-publish","format-standard","has-post-thumbnail","hentry","category-arsiv","tag-instagram"],"aioseo_notices":[],"amp_enabled":true,"_links":{"self":[{"href":"https:\/\/www.aykutozdemir.com.tr\/wordpress\/wp-json\/wp\/v2\/posts\/2273","targetHints":{"allow":["GET"]}}],"collection":[{"href":"https:\/\/www.aykutozdemir.com.tr\/wordpress\/wp-json\/wp\/v2\/posts"}],"about":[{"href":"https:\/\/www.aykutozdemir.com.tr\/wordpress\/wp-json\/wp\/v2\/types\/post"}],"author":[{"embeddable":true,"href":"https:\/\/www.aykutozdemir.com.tr\/wordpress\/wp-json\/wp\/v2\/users\/1"}],"replies":[{"embeddable":true,"href":"https:\/\/www.aykutozdemir.com.tr\/wordpress\/wp-json\/wp\/v2\/comments?post=2273"}],"version-history":[{"count":0,"href":"https:\/\/www.aykutozdemir.com.tr\/wordpress\/wp-json\/wp\/v2\/posts\/2273\/revisions"}],"wp:featuredmedia":[{"embeddable":true,"href":"https:\/\/www.aykutozdemir.com.tr\/wordpress\/wp-json\/wp\/v2\/media\/1249"}],"wp:attachment":[{"href":"https:\/\/www.aykutozdemir.com.tr\/wordpress\/wp-json\/wp\/v2\/media?parent=2273"}],"wp:term":[{"taxonomy":"category","embeddable":true,"href":"https:\/\/www.aykutozdemir.com.tr\/wordpress\/wp-json\/wp\/v2\/categories?post=2273"},{"taxonomy":"post_tag","embeddable":true,"href":"https:\/\/www.aykutozdemir.com.tr\/wordpress\/wp-json\/wp\/v2\/tags?post=2273"}],"curies":[{"name":"wp","href":"https:\/\/api.w.org\/{rel}","templated":true}]}}