{"id":2898,"date":"2017-08-02T04:45:53","date_gmt":"2017-08-02T01:45:53","guid":{"rendered":"http:\/\/aykutozdemir.com.tr\/wordpress\/?p=2898"},"modified":"2021-06-20T00:47:38","modified_gmt":"2021-06-19T21:47:38","slug":"teknolojinin-basarili-kadinlari","status":"publish","type":"post","link":"https:\/\/www.aykutozdemir.com.tr\/wordpress\/teknolojinin-basarili-kadinlari.html","title":{"rendered":"Teknolojinin Ba\u015far\u0131l\u0131 Kad\u0131nlar\u0131"},"content":{"rendered":"<p>Kad\u0131nlar\u0131n her sekt\u00f6rde ba\u015far\u0131l\u0131 oldu\u011funu g\u00f6r\u00fcyoruz. Kad\u0131nlar teknoloji sekt\u00f6r\u00fcnde isimleri \u00e7ok fazla duyulmuyor olsa da bu alanda ger\u00e7ekten \u00e7ok g\u00fc\u00e7l\u00fc kad\u0131nlar\u0131n oldu\u011funu g\u00f6r\u00fcyoruz. Yaz\u0131m\u0131zda sizlere teknoloji alan\u0131n\u0131n en ba\u015far\u0131l\u0131 kad\u0131nlar\u0131 hakk\u0131nda bilgi verece\u011fiz.<\/p>\n<h2><strong>Ginni Rometty<\/strong><\/h2>\n<p>IBM \u015firketinin CEO\u2019su ve ba\u015fkan\u0131 olan Ginni Rometty, kendi \u015firketinin ilk kad\u0131n ba\u015fkan\u0131 olma unvan\u0131na sahiptir. IBM \u015firketi 1911 y\u0131l\u0131nda kurulmu\u015ftur. \u015eirketin d\u00fcnyan\u0131n en b\u00fcy\u00fck teknoloji \u015firketleri aras\u0131nda oldu\u011funu s\u00f6yleyebiliriz. Firma, yaz\u0131l\u0131m, donan\u0131m ve bilgisayar \u00fcretimi, servis hizmeti ve sunucu hizmetleri sunuyorlar. \u015eirketin d\u00fcnya genelinde 410 bin \u00fczerinde \u00e7al\u0131\u015fan\u0131 mevcuttur.<\/p>\n<h2><strong>Marissa Mayer<\/strong><\/h2>\n<p>Marissa Mayer, kad\u0131n y\u00f6neticiler aras\u0131nda olduk\u00e7a pop\u00fcler bir isimdir. Mayer, Google\u2019\u0131n 13 y\u0131l boyunca s\u00f6zc\u00fcl\u00fc\u011f\u00fcn\u00fc ayn\u0131 zamanda \u00fcst d\u00fczey y\u00f6neticili\u011finde bulundu. Mayer, sonras\u0131nda bu \u00fcst d\u00fczey y\u00f6neticili\u011finden istifa etti. Sonras\u0131nda Yahoo\u2019nun CEO\u2019su olarak g\u00f6rev yapt\u0131. Yahoo sat\u0131ld\u0131ktan sonra Yahoo\u2019dan da istifa etti.<\/p>\n<h2><strong>Meg Whitman<\/strong><\/h2>\n<p>HP Inc. \u015eirketinin ba\u015fkan\u0131 ve CEO\u2019su olan Meh Whitman, Ocak 2011 tarihinden beri HP \u015firketinin CEO\u2019lu\u011funu yapmaktad\u0131r. HP \u015firketinden \u00f6nce ise Ebay \u015firketinin CEO\u2019lu\u011funu yapt\u0131. Whitman, Ebay\u2019de g\u00f6reve ba\u015flad\u0131\u011f\u0131 s\u0131rada 1998 y\u0131l\u0131nda Ebay 30 \u00e7al\u0131\u015fana sahip ve siyah beyaz bir siteydi. Whitman, 2008 y\u0131l\u0131nda bu g\u00f6revinden ayr\u0131ld\u0131 ve ayr\u0131ld\u0131\u011f\u0131nda Ebay\u2019in \u00e7al\u0131\u015fan say\u0131s\u0131 15 bine ula\u015fm\u0131\u015ft\u0131.<\/p>\n<p><a href=\"http:\/\/aykutozdemir.com.tr\/wordpress\/wp-content\/uploads\/kadin-teknolojii.jpg\"><img loading=\"lazy\" decoding=\"async\" class=\"aligncenter wp-image-2900 size-full\" src=\"http:\/\/aykutozdemir.com.tr\/wordpress\/wp-content\/uploads\/kadin-teknolojii-e1501638116430.jpg\" alt=\"\" width=\"720\" height=\"405\" \/><\/a><\/p>\n<h2><strong>Safra A. Catz<\/strong><\/h2>\n<p>Safra A. Catz, Oracle\u2019\u0131n CEO\u2019su olarak 2014 y\u0131l\u0131nda g\u00f6rev yapmaya ba\u015flad\u0131. Mark Hurd\u2019un yerine gelen Catz, normalde Nisan 1999\u2019ten beri Oracle\u2019\u0131n ba\u015f\u0131ndad\u0131r. Catz, 2009 y\u0131l\u0131nda Fortune dergisinde yay\u0131mlanm\u0131\u015f olan en g\u00fc\u00e7l\u00fc i\u015f kad\u0131nlar\u0131 listesinde 12\u2019nci s\u0131rada yer ald\u0131. Forbes listelerinde 2009 y\u0131l\u0131nda 16\u2019nc\u0131, 2015 y\u0131l\u0131nda 254\u2019nc\u00fc oldu.<\/p>\n<h2><strong>Mary T. Barra<\/strong><\/h2>\n<p>General Motors \u015firketinin CEO\u2019su olan Mary T. Barra, 15 Ocak 2014 tarihinden beri bu g\u00f6revde bulunmaktad\u0131r. Barra, k\u00fcresel bir otomotiv \u015firketinin ilk kad\u0131n CEO\u2019su olma \u00f6zelli\u011fine sahiptir. Ayn\u0131 zamanda 2014 y\u0131l\u0131nda Nisan ay\u0131nda Time dergisinin kapa\u011f\u0131na \u00e7\u0131kt\u0131 ve D\u00fcnyan\u0131n En Etkili 100 Ki\u015fisi aras\u0131nda yer ald\u0131.<\/p>\n<h2><strong>Angela Ahrendts<\/strong><\/h2>\n<p>Burbery\u2019nin eski CEO\u2019su olan Angela Ahrendts, Burbery\u2019de 2006 ile 2014 y\u0131llar\u0131 aras\u0131nda CEO\u2019luk yapt\u0131. Sonras\u0131nda ise Apple\u2019\u0131n Online ve Perakende Ma\u011fazalardan Sorumlu Ba\u015fkan Yard\u0131mc\u0131s\u0131 oldu.<\/p>\n<h2><strong>Ursula M. Burns<\/strong><\/h2>\n<p>Xerox firmas\u0131n\u0131n eski CEO\u2019su olan Ursula M. Burns, Xerox\u2019un ilk siyahi CEO\u2019sudur. Burns, g\u00f6reve 1 Temmuz 2009 tarihinde ba\u015flam\u0131\u015ft\u0131r ve 31 Aral\u0131k 2016 y\u0131l\u0131nda bu g\u00f6revi b\u0131rakm\u0131\u015ft\u0131r.<\/p>\n","protected":false},"excerpt":{"rendered":"<p>Kad\u0131nlar\u0131n her sekt\u00f6rde ba\u015far\u0131l\u0131 oldu\u011funu g\u00f6r\u00fcyoruz. Kad\u0131nlar teknoloji sekt\u00f6r\u00fcnde isimleri \u00e7ok fazla duyulmuyor olsa da&#46;&#46;&#46;<\/p>\n","protected":false},"author":1,"featured_media":2899,"comment_status":"open","ping_status":"open","sticky":false,"template":"","format":"standard","meta":{"footnotes":""},"categories":[1],"tags":[1469],"class_list":["post-2898","post","type-post","status-publish","format-standard","has-post-thumbnail","hentry","category-arsiv","tag-meg-whitman"],"aioseo_notices":[],"amp_enabled":true,"_links":{"self":[{"href":"https:\/\/www.aykutozdemir.com.tr\/wordpress\/wp-json\/wp\/v2\/posts\/2898","targetHints":{"allow":["GET"]}}],"collection":[{"href":"https:\/\/www.aykutozdemir.com.tr\/wordpress\/wp-json\/wp\/v2\/posts"}],"about":[{"href":"https:\/\/www.aykutozdemir.com.tr\/wordpress\/wp-json\/wp\/v2\/types\/post"}],"author":[{"embeddable":true,"href":"https:\/\/www.aykutozdemir.com.tr\/wordpress\/wp-json\/wp\/v2\/users\/1"}],"replies":[{"embeddable":true,"href":"https:\/\/www.aykutozdemir.com.tr\/wordpress\/wp-json\/wp\/v2\/comments?post=2898"}],"version-history":[{"count":0,"href":"https:\/\/www.aykutozdemir.com.tr\/wordpress\/wp-json\/wp\/v2\/posts\/2898\/revisions"}],"wp:featuredmedia":[{"embeddable":true,"href":"https:\/\/www.aykutozdemir.com.tr\/wordpress\/wp-json\/wp\/v2\/media\/2899"}],"wp:attachment":[{"href":"https:\/\/www.aykutozdemir.com.tr\/wordpress\/wp-json\/wp\/v2\/media?parent=2898"}],"wp:term":[{"taxonomy":"category","embeddable":true,"href":"https:\/\/www.aykutozdemir.com.tr\/wordpress\/wp-json\/wp\/v2\/categories?post=2898"},{"taxonomy":"post_tag","embeddable":true,"href":"https:\/\/www.aykutozdemir.com.tr\/wordpress\/wp-json\/wp\/v2\/tags?post=2898"}],"curies":[{"name":"wp","href":"https:\/\/api.w.org\/{rel}","templated":true}]}}