{"id":2922,"date":"2017-08-11T10:00:38","date_gmt":"2017-08-11T07:00:38","guid":{"rendered":"http:\/\/aykutozdemir.com.tr\/wordpress\/?p=2922"},"modified":"2017-08-11T05:09:53","modified_gmt":"2017-08-11T02:09:53","slug":"ucretsiz-wordpress-galeri-eklentileri","status":"publish","type":"post","link":"https:\/\/www.aykutozdemir.com.tr\/wordpress\/ucretsiz-wordpress-galeri-eklentileri.html","title":{"rendered":"\u00dccretsiz WordPress Galeri Eklentileri"},"content":{"rendered":"<p>Web sitelerinde galeri kullan\u0131m\u0131 son y\u0131llarda \u00e7ok fazla artt\u0131. WordPress galeri eklentileri aras\u0131nda \u00fccretsiz ve kullan\u0131\u015fl\u0131 olan eklentiler bu y\u00fczden daha fazla dikkat \u00e7ekiyor. Eklentilerin hepsinin farkl\u0131 \u00f6zellikleri vard\u0131r. Bu \u00f6zelliklere g\u00f6re sitenizde g\u00f6r\u00fcn\u00fc\u015f\u00fc de farkl\u0131 olacakt\u0131r. Yaz\u0131m\u0131zda sizlere WordPress galeri eklentileri hakk\u0131nda bilgi verece\u011fiz.<\/p>\n<p><a href=\"http:\/\/aykutozdemir.com.tr\/wordpress\/wp-content\/uploads\/galerii.png\"><img loading=\"lazy\" decoding=\"async\" class=\"wp-image-2924 size-full aligncenter\" src=\"http:\/\/aykutozdemir.com.tr\/wordpress\/wp-content\/uploads\/galerii-e1502417041691.png\" alt=\"\" width=\"720\" height=\"390\" \/><\/a><\/p>\n<h2><strong>Envira Gallery<\/strong><\/h2>\n<p>Envira Gallery kullan\u0131m\u0131 kolay olmas\u0131 ve g\u00f6rsel a\u00e7\u0131dan \u015f\u0131k durmas\u0131yla dikkat \u00e7eken bir galeri eklentisidir. Eklentiyi kulland\u0131\u011f\u0131n\u0131z zaman galeriniz h\u0131zl\u0131 bir \u015fekilde y\u00fcklenir. \u0130sim belirleyip g\u00f6rselleri rahatl\u0131kla ekleyebilirsiniz. Eklenti sizlere \u00f6zelle\u015ftirme se\u00e7enekleri de sunar. Animasyonlar ekleyebilir, s\u00fctunlar\u0131 d\u00fczeltebilir ve k\u00fc\u00e7\u00fck resimlerin boyutlar\u0131n\u0131 ayarlayabilirsiniz.<\/p>\n<h2><strong>NextGEN Gallery<\/strong><\/h2>\n<p>NextGEN, WordPress\u2019te galeri dendi\u011fi zaman ilk akla gelenlerden birisidir. \u015euanda milyonlarca sitenin bu eklentiyi kulland\u0131\u011f\u0131n\u0131 s\u00f6yleyebiliriz. Olduk\u00e7a pop\u00fcler olan bu eklenti kullan\u0131m a\u00e7\u0131s\u0131ndan da \u00e7ok basit bir eklentidir. Eklenti sizlere birka\u00e7 galeriyi bir arada kulland\u0131\u011f\u0131n\u0131z alb\u00fcmler olu\u015fturman\u0131za da olanak sa\u011flar.<\/p>\n<h2><strong>WP Canvas \u2013 Gallery<\/strong><\/h2>\n<p>WP Canvas \u2013 Gallery eklentisi WordPress\u2019in kendisinde var olan bildi\u011fimiz galeri eklentisinin \u00f6zelliklerini geli\u015ftirir. E\u011fer bir sayfaya veya yaz\u0131ya galeri eklemek istiyorsan\u0131z kar\u015f\u0131n\u0131za daha fazla se\u00e7ene\u011fin \u00e7\u0131kmas\u0131n\u0131 sa\u011flar. G\u00f6rsel boyutlar\u0131n\u0131 ayarlayabilir veya s\u00fctun miktar\u0131n\u0131 belirleyebilirsiniz. Bu eklentiyi y\u00fckledi\u011finiz zaman daha fazla \u00f6zelli\u011fe sahip olacaks\u0131n\u0131z.<\/p>\n<h2><strong>Gmedia Gallery<\/strong><\/h2>\n<p>Foto\u011fraf payla\u015fmak i\u00e7in \u00f6nemli bir eklenti ar\u0131yorsan\u0131z Gmedia eklentisi bu konuda \u00e7ok \u00f6nemli bir eklentidir. Galeride yer alan bir g\u00f6rsele t\u0131kland\u0131\u011f\u0131 zaman g\u00f6rselin tam boyutunun a\u00e7\u0131lan bir pencerede g\u00f6r\u00fcnmesini sa\u011flar. Eklenti, WordPress\u2019e bir Galeri se\u00e7ene\u011fi eklememektedir. Bunun yerine bir sayfada veya yaz\u0131 edit\u00f6r\u00fcnde Gmedia butonu yer almaktad\u0131r.<\/p>\n<h2><strong>Portfolio Gallery<\/strong><\/h2>\n<p>Profesyonel g\u00f6r\u00fcnen bir galeriye sahip olmak istiyorsan\u0131z Portfolio Gallery eklentisi size bu konuda yard\u0131mc\u0131 olacakt\u0131r. Bu eklentide galeriye galeri yerine portf\u00f6y denilmektedir. Eklentide galeriye kolayca g\u00f6rsel ekleyebilirsiniz. Bu g\u00f6rsellerin altyaz\u0131lar\u0131n\u0131 belirleyebilirsiniz. Ayn\u0131 zamanda g\u00f6rsellere istedi\u011finiz zaman link ekleyebilirsiniz.<\/p>\n<h2><strong>Photo Gallery<\/strong><\/h2>\n<p>Galerinizin standart k\u00fc\u00e7\u00fck resimler \u015feklinde g\u00f6r\u00fclmektedir. Resmin \u00fczerine gelindi\u011fi zaman ise g\u00f6rsel sitede yer alan boyutuna g\u00f6re bir miktar daha b\u00fcy\u00fcr. G\u00f6rsele t\u0131klayan kullan\u0131c\u0131 ise a\u00e7\u0131l\u0131r pencere i\u00e7erisinde g\u00f6rselin b\u00fcy\u00fck halini g\u00f6r\u00fcrs\u00fcn\u00fcz. Eklentinin \u00f6zellikle kullan\u0131m\u0131 kolay oldu\u011fu i\u00e7in dikkat \u00e7eker.<\/p>\n<h2><strong>Foo Gallery<\/strong><\/h2>\n<p>Olu\u015fturdu\u011funuz galerileri Foo Gallery sayesinde farkl\u0131 bir \u015fekilde g\u00f6r\u00fcnt\u00fcleyebilirsiniz. Eklentiyi y\u00fckledi\u011finiz zaman WordPress ara y\u00fcz\u00fcn\u00fczde otomatik olarak Foo Gallery se\u00e7ene\u011fi belirecektir. Eklentide yer alan se\u00e7enekleri kullanarak kolayl\u0131kla galeri olu\u015fturabilirsiniz. Eklenti farkl\u0131 \u015fablonlara da \u00f6zelle\u015ftirilebilir.<\/p>\n","protected":false},"excerpt":{"rendered":"<p>Web sitelerinde galeri kullan\u0131m\u0131 son y\u0131llarda \u00e7ok fazla artt\u0131. WordPress galeri eklentileri aras\u0131nda \u00fccretsiz ve&#46;&#46;&#46;<\/p>\n","protected":false},"author":1,"featured_media":2923,"comment_status":"open","ping_status":"open","sticky":false,"template":"","format":"standard","meta":{"footnotes":""},"categories":[564,6],"tags":[1078],"class_list":["post-2922","post","type-post","status-publish","format-standard","has-post-thumbnail","hentry","category-wp","category-wordpress-eklentileri","tag-en-iyi-wordpress-eklentileri"],"aioseo_notices":[],"amp_enabled":true,"_links":{"self":[{"href":"https:\/\/www.aykutozdemir.com.tr\/wordpress\/wp-json\/wp\/v2\/posts\/2922","targetHints":{"allow":["GET"]}}],"collection":[{"href":"https:\/\/www.aykutozdemir.com.tr\/wordpress\/wp-json\/wp\/v2\/posts"}],"about":[{"href":"https:\/\/www.aykutozdemir.com.tr\/wordpress\/wp-json\/wp\/v2\/types\/post"}],"author":[{"embeddable":true,"href":"https:\/\/www.aykutozdemir.com.tr\/wordpress\/wp-json\/wp\/v2\/users\/1"}],"replies":[{"embeddable":true,"href":"https:\/\/www.aykutozdemir.com.tr\/wordpress\/wp-json\/wp\/v2\/comments?post=2922"}],"version-history":[{"count":0,"href":"https:\/\/www.aykutozdemir.com.tr\/wordpress\/wp-json\/wp\/v2\/posts\/2922\/revisions"}],"wp:featuredmedia":[{"embeddable":true,"href":"https:\/\/www.aykutozdemir.com.tr\/wordpress\/wp-json\/wp\/v2\/media\/2923"}],"wp:attachment":[{"href":"https:\/\/www.aykutozdemir.com.tr\/wordpress\/wp-json\/wp\/v2\/media?parent=2922"}],"wp:term":[{"taxonomy":"category","embeddable":true,"href":"https:\/\/www.aykutozdemir.com.tr\/wordpress\/wp-json\/wp\/v2\/categories?post=2922"},{"taxonomy":"post_tag","embeddable":true,"href":"https:\/\/www.aykutozdemir.com.tr\/wordpress\/wp-json\/wp\/v2\/tags?post=2922"}],"curies":[{"name":"wp","href":"https:\/\/api.w.org\/{rel}","templated":true}]}}