{"id":3000,"date":"2017-09-22T15:00:02","date_gmt":"2017-09-22T12:00:02","guid":{"rendered":"http:\/\/aykutozdemir.com.tr\/wordpress\/?p=3000"},"modified":"2021-06-20T00:47:38","modified_gmt":"2021-06-19T21:47:38","slug":"iphone-xin-androide-benzer-6-ozelligi","status":"publish","type":"post","link":"https:\/\/www.aykutozdemir.com.tr\/wordpress\/iphone-xin-androide-benzer-6-ozelligi.html","title":{"rendered":"iPhone X\u2019in Android\u2019e Benzer 6 \u00d6zelli\u011fi"},"content":{"rendered":"<p>Telefon \u00fcreticilerinin birbirlerinden baz\u0131 \u00f6zellikleri kopya \u00e7ekti\u011fine s\u0131k s\u0131k tan\u0131k oluyoruz. Asl\u0131nda bu durum k\u00f6t\u00fc bir \u015fey de\u011fildir. Yaz\u0131m\u0131zda sizlere iPhone X\u2019in Android cihazlardan kopyalad\u0131\u011f\u0131 6 \u00f6zellik hakk\u0131nda bilgi verece\u011fiz.<\/p>\n<p>iPhone X\u2019e bakt\u0131\u011f\u0131m\u0131z zaman bu zamana kadar \u00fcretilen Apple \u00fcr\u00fcnleri aras\u0131nda bir\u00e7ok ilkin yer ald\u0131\u011f\u0131 bir telefon olarak g\u00f6rebiliyoruz. Cihaz\u0131n bu zamana kadar \u00fcretilen en pahal\u0131 iPhone olma \u00f6zelli\u011fi de bu ilklerden kaynaklanmaktad\u0131r. Fakat cihazda yer alan\u00a0 bir\u00e7ok yenili\u011fin daha \u00f6ncede Android cihazlarda yer alan yenilikler oldu\u011funu g\u00f6rebiliyoruz.<\/p>\n<p><a href=\"http:\/\/aykutozdemir.com.tr\/wordpress\/wp-content\/uploads\/iphonexx1.png\"><img loading=\"lazy\" decoding=\"async\" class=\"aligncenter wp-image-3002 size-full\" src=\"http:\/\/aykutozdemir.com.tr\/wordpress\/wp-content\/uploads\/iphonexx1-e1505941223237.png\" alt=\"\" width=\"728\" height=\"415\" \/><\/a><\/p>\n<h2>Home Tu\u015fu Yer Alm\u0131yor<\/h2>\n<p>Android i\u015fletim sistemine sahip olan bir\u00e7ok cihazda Home tu\u015fu tarih olal\u0131 \u00e7ok uzun zaman oluyor. Cihazlarda bu tu\u015f yerine ekran d\u00fc\u011fmelerinin yer ald\u0131\u011f\u0131n\u0131 g\u00f6rebiliyoruz. Bu de\u011fi\u015fiklik genellikle ekran\u0131n daha b\u00fcy\u00fc olmas\u0131 ve daha geli\u015fmi\u015f bir kullan\u0131m alan\u0131 sunmas\u0131 i\u00e7in yap\u0131l\u0131yor. Bu da yap\u0131lan de\u011fi\u015fikli\u011fi hakl\u0131 \u00e7\u0131kar\u0131yor.<\/p>\n<h2>Daha \u0130nce Ekran \u00c7er\u00e7evesi<\/h2>\n<p>Samsung, LG, Xiaomi gibi ak\u0131ll\u0131 ve Android i\u015fletim sistemine sahip olan cihazlarda \u00fcreticiler ekran alan\u0131n\u0131 m\u00fcmk\u00fcn mertebe geni\u015fletmeye \u00e7al\u0131\u015fm\u0131\u015ft\u0131r. Bu zamana kadar Apple\u2019\u0131n bu modan\u0131n gerisinde kald\u0131\u011f\u0131n\u0131 g\u00f6rebiliyorduk. iPhone X ise ekran alan\u0131n\u0131 maksimum seviyeye \u00e7\u0131kar\u0131yor. Yaln\u0131z bunun \u00fczerindeki \u00e7entik d\u0131\u015f\u0131nda oldu\u011funu s\u00f6yleyebiliriz. Kim bilir? Belki gelecek iPhone modellerinde o \u00e7enti\u011fi de g\u00f6rmeyiz.<\/p>\n<h2>OLED Ekran Kullan\u0131m\u0131<\/h2>\n<p>Samsung ve OLED ekranlar\u0131n birbirleriyle art\u0131k \u00f6zde\u015fle\u015fmi\u015f durumda olduklar\u0131n\u0131 s\u00f6yleyebiliriz. AMOLED ekranlar genellikle koyu siyahlar\u0131 ve canl\u0131 renkleriyle tan\u0131nmaktad\u0131r. Ayn\u0131 zamanda LCD ekranlara g\u00f6re bir miktar g\u00fc\u00e7 tasarrufunu da sunuyorlar. iPhone ise ilk defa kar\u015f\u0131m\u0131za OLED ekranla \u00e7\u0131k\u0131yor. Bu ekranlar\u0131n \u00fcreticilerinden birisinin de Samsung oldu\u011fu bilinmektedir.<\/p>\n<p><a href=\"http:\/\/aykutozdemir.com.tr\/wordpress\/wp-content\/uploads\/iphonex2.jpeg\"><img loading=\"lazy\" decoding=\"async\" class=\"aligncenter wp-image-3003 size-full\" src=\"http:\/\/aykutozdemir.com.tr\/wordpress\/wp-content\/uploads\/iphonex2-e1505941361985.jpeg\" alt=\"\" width=\"728\" height=\"320\" \/><\/a><\/p>\n<h2>Y\u00fcz \u0130le Kilit A\u00e7ma<\/h2>\n<p>Lumia 950, 950 XL ve Microsoft daha \u00f6nce sundu\u011fu Windows Hello ile bu alanda en \u00f6nce davranan \u00fcreticilerden birisi oldu. Sonras\u0131nda ise Samsung iris tarama ve y\u00fcz tarama \u00f6zelliklerini sunmaya ba\u015flad\u0131. iPhone X\u2019te kullan\u0131lacak olan konsept biraz daha farkl\u0131 fakat kesinlikle di\u011fer iPhone\u2019lardaki gibi de\u011fil.<\/p>\n<h2>Kablosuz \u015earj \u00d6zelli\u011fi<\/h2>\n<p>LG, Samsung, Lumia gibi \u00fcreticilerin son \u00fcrettikleri amiral gemilerinde kablosuz \u015farj \u00f6zelli\u011finin oldu\u011funu g\u00f6rebiliyoruz. Sonunda Apple\u2019da bu teknolojiyi benimsedi ve yeni iPhone\u2019lar\u0131n hepsine kablosuz \u015farj \u00f6zelli\u011fini getirdi. Apple\u2019\u0131nda bu teknolojiyi kabullenmi\u015f olmas\u0131 standartlar\u0131n daha fazla geli\u015fmesini sa\u011flayacak gibi duruyor.<\/p>\n<h2>OIS Deste\u011fi Olan \u00c7ift Arka Kamera<\/h2>\n<p>Galaxy Note 8\u2019in arka kameralar\u0131nda optik imaj sabitleme (OIS) teknolojisi kullan\u0131l\u0131yor. Bu teknoloji sayesinde foto\u011fraf \u00e7ekerken veya video kaydederken titreme gibi bir sorun ya\u015fanm\u0131yor. iPhone 8 Plus\u2019ta yer almayan bu \u00f6zelli\u011fin iPhone X\u2019te yer ald\u0131\u011f\u0131n\u0131 g\u00f6rebiliyoruz.<\/p>\n","protected":false},"excerpt":{"rendered":"<p>Telefon \u00fcreticilerinin birbirlerinden baz\u0131 \u00f6zellikleri kopya \u00e7ekti\u011fine s\u0131k s\u0131k tan\u0131k oluyoruz. Asl\u0131nda bu durum k\u00f6t\u00fc&#46;&#46;&#46;<\/p>\n","protected":false},"author":1,"featured_media":3001,"comment_status":"open","ping_status":"open","sticky":false,"template":"","format":"standard","meta":{"footnotes":""},"categories":[1],"tags":[578,734,481],"class_list":["post-3000","post","type-post","status-publish","format-standard","has-post-thumbnail","hentry","category-arsiv","tag-android","tag-apple","tag-iphone"],"aioseo_notices":[],"amp_enabled":true,"_links":{"self":[{"href":"https:\/\/www.aykutozdemir.com.tr\/wordpress\/wp-json\/wp\/v2\/posts\/3000","targetHints":{"allow":["GET"]}}],"collection":[{"href":"https:\/\/www.aykutozdemir.com.tr\/wordpress\/wp-json\/wp\/v2\/posts"}],"about":[{"href":"https:\/\/www.aykutozdemir.com.tr\/wordpress\/wp-json\/wp\/v2\/types\/post"}],"author":[{"embeddable":true,"href":"https:\/\/www.aykutozdemir.com.tr\/wordpress\/wp-json\/wp\/v2\/users\/1"}],"replies":[{"embeddable":true,"href":"https:\/\/www.aykutozdemir.com.tr\/wordpress\/wp-json\/wp\/v2\/comments?post=3000"}],"version-history":[{"count":0,"href":"https:\/\/www.aykutozdemir.com.tr\/wordpress\/wp-json\/wp\/v2\/posts\/3000\/revisions"}],"wp:featuredmedia":[{"embeddable":true,"href":"https:\/\/www.aykutozdemir.com.tr\/wordpress\/wp-json\/wp\/v2\/media\/3001"}],"wp:attachment":[{"href":"https:\/\/www.aykutozdemir.com.tr\/wordpress\/wp-json\/wp\/v2\/media?parent=3000"}],"wp:term":[{"taxonomy":"category","embeddable":true,"href":"https:\/\/www.aykutozdemir.com.tr\/wordpress\/wp-json\/wp\/v2\/categories?post=3000"},{"taxonomy":"post_tag","embeddable":true,"href":"https:\/\/www.aykutozdemir.com.tr\/wordpress\/wp-json\/wp\/v2\/tags?post=3000"}],"curies":[{"name":"wp","href":"https:\/\/api.w.org\/{rel}","templated":true}]}}