{"id":3076,"date":"2017-10-14T10:42:26","date_gmt":"2017-10-14T07:42:26","guid":{"rendered":"http:\/\/aykutozdemir.com.tr\/wordpress\/?p=3076"},"modified":"2021-06-20T00:47:38","modified_gmt":"2021-06-19T21:47:38","slug":"iceriklerin-sosyal-medya-paylasimlarini-yukseltmek","status":"publish","type":"post","link":"https:\/\/www.aykutozdemir.com.tr\/wordpress\/iceriklerin-sosyal-medya-paylasimlarini-yukseltmek.html","title":{"rendered":"\u0130\u00e7eriklerin Sosyal Medya Payla\u015f\u0131mlar\u0131n\u0131 Y\u00fckseltmek"},"content":{"rendered":"<p>Her site sahibi i\u00e7eriklerinin daha b\u00fcy\u00fck bir kitleye ula\u015fmas\u0131n\u0131 ister. \u0130\u00e7eriklerin daha b\u00fcy\u00fck kitlelere ula\u015fmas\u0131 ise g\u00fcn\u00fcm\u00fczde sosyal medya payla\u015f\u0131mlar\u0131yla m\u00fcmk\u00fcn olmaktad\u0131r. Peki, sitenizde okuyucular\u0131n i\u00e7erikleri payla\u015fabilmesi i\u00e7in gerekli ortam tam olarak olu\u015fturuldu mu? Sitenizin i\u00e7eriklerinin payla\u015f\u0131m\u0131n\u0131 sosyal medya da art\u0131rmak i\u00e7in sizlere baz\u0131 yollar sunaca\u011f\u0131z.<\/p>\n<h2>Foto\u011fraflar\u0131 Optimize Edin<\/h2>\n<p>G\u00fcn\u00fcm\u00fczde foto\u011fraflar ve zengin medya g\u00f6rselleri art\u0131k web sitelerinde daha \u00f6nemli bir hal alm\u0131\u015ft\u0131r. Bu y\u00fczden i\u00e7eriklerinize ekledi\u011finiz g\u00f6rselleri sosyal medyada payla\u015f\u0131labilecek d\u00fczeyde eklemeye dikkat etmelisiniz. Unutmay\u0131n! Site sayfan\u0131z\u0131n sosyal medya a\u011flar\u0131nda m\u00fckemmel g\u00f6z\u00fckmesine gerek yok. Foto\u011fraflar\u0131 daha iyi hale getirmek i\u00e7in bir sosyal medya mesaj\u0131 olu\u015fturun ve geli\u015ftirmek istedi\u011finiz sayfan\u0131z\u0131n linkini ekletin. Bu \u015fekilde boyutland\u0131rma, k\u0131rpma veya bi\u00e7im konular\u0131nda bir s\u0131k\u0131nt\u0131 olup olmad\u0131\u011f\u0131n\u0131 daha rahat bir \u015fekilde g\u00f6rebilirsiniz.<\/p>\n<p>E\u011fer i\u00e7eriklerinize ekledi\u011finiz foto\u011fraflar \u00e7ok yak\u0131nda veya uzakta g\u00f6r\u00fcn\u00fcyorsa bu durumda foto\u011fraf boyutlar\u0131n\u0131z\u0131 tekrar g\u00f6zden ge\u00e7irmelisiniz. Kare \u015feklinde boyutland\u0131r\u0131lan foto\u011fraflar genellikle b\u00fct\u00fcn sosyal medya a\u011flar\u0131nda kaliteli bir g\u00f6r\u00fcnt\u00fc olu\u015fmas\u0131n\u0131 sa\u011flar.<\/p>\n<p><a href=\"http:\/\/aykutozdemir.com.tr\/wordpress\/wp-content\/uploads\/sosyall-medyaa.jpg\"><img loading=\"lazy\" decoding=\"async\" class=\"aligncenter wp-image-3078 size-full\" src=\"http:\/\/aykutozdemir.com.tr\/wordpress\/wp-content\/uploads\/sosyall-medyaa.jpg\" alt=\"\" width=\"800\" height=\"400\" \/><\/a><\/p>\n<p>Facebook\u2019ta payla\u015fmak i\u00e7in foto\u011fraflar\u0131n mobil dostu ve basit olmas\u0131 gerekir. Bu y\u00fczden mutlaka yaz\u0131n\u0131z\u0131 payla\u015fmadan \u00f6nce foto\u011fraf i\u00e7in bir \u00f6nizleme ger\u00e7ekle\u015ftirmeniz gerekmektedir. Ak\u0131ll\u0131 telefonlarda kulland\u0131\u011f\u0131n\u0131z resimlerin nas\u0131l g\u00f6z\u00fckt\u00fc\u011f\u00fc \u00e7ok \u00f6nemlidir.<\/p>\n<p>Pinterest a\u011f\u0131rl\u0131kl\u0131 olarak ipu\u00e7lar\u0131n\u0131n verildi\u011fi bir platformdur. Foto\u011fraflar\u0131n\u0131z\u0131 payla\u015faca\u011f\u0131n\u0131z zaman Pinterest\u2019te renkli tercihler yapman\u0131z \u00e7ok \u00f6nemlidir. Renkleri iyile\u015ftirerek a\u011f\u0131rl\u0131kl\u0131 olarak koyu ye\u015fil, k\u0131rm\u0131z\u0131 ve pembe renklerini tercih edebilirsiniz.<\/p>\n<h2>Meta Verinizi En \u0130yi Seviyeye Getirin<\/h2>\n<p>Foto\u011fraflar\u0131n\u0131z\u0131 iyi bir duruma getirdikten sonra meta verinizi de iyi bir \u00f6l\u00e7e\u011fe getirmeniz gerekir. Sosyal medya payla\u015f\u0131mlar\u0131 i\u00e7in genellikle en \u00f6nemli meta veriler; sayfa ba\u015fl\u0131klar\u0131 ve a\u00e7\u0131klamalard\u0131r.<\/p>\n<p>FaceBook\u2019ta bir i\u00e7eri\u011fin payla\u015f\u0131m\u0131 s\u0131ras\u0131nda insanlar\u0131n dikkat ettikleri nitelikler; resim, a\u00e7\u0131klama, ba\u015f\u0131k ve yorumdur Bir g\u00f6nderiye insanlar\u0131n nas\u0131l yorumlar yapt\u0131klar\u0131n\u0131 kontrol edemiyor olabilirsiniz. Fakat di\u011fer nitelikleri kontrol etmek sizin elinizdedir. FaceBook\u2019ta kullan\u0131lacak olan meta verinin basit ve anla\u015f\u0131l\u0131r olmas\u0131 \u00f6nemlidir.<\/p>\n<p>Ba\u015fl\u0131k olu\u015fturma evresinde bilmeniz gereken en \u00f6nemli \u015fey; ba\u015fl\u0131klar\u0131n\u0131z k\u0131sa ve anla\u015f\u0131l\u0131r olmal\u0131d\u0131r. Bu y\u00fczden 100 karakter ve alt\u0131nda ba\u015fl\u0131k \u00fcretmeye dikkat edin. Genelilkle 60 karakterin alt\u0131ndaki ba\u015fl\u0131klar en fazla i\u015fe yarayan ba\u015fl\u0131klard\u0131r.<\/p>\n<p>Yaz\u0131lar\u0131n\u0131z i\u00e7in haz\u0131rlad\u0131\u011f\u0131n\u0131z a\u00e7\u0131klamalar ise ba\u015fl\u0131klara g\u00f6re daha uzun olabilir. Genellikle iki veya \u00fc\u00e7 c\u00fcmleden olu\u015fan a\u00e7\u0131klamalar yaz\u0131ld\u0131\u011f\u0131n\u0131 g\u00f6rebilirsiniz. A\u00e7\u0131klamalar\u0131n 250 karakterin alt\u0131nda olmas\u0131 en ideal tercihlerden birisi olarak g\u00f6r\u00fclmektedir.<\/p>\n","protected":false},"excerpt":{"rendered":"<p>Her site sahibi i\u00e7eriklerinin daha b\u00fcy\u00fck bir kitleye ula\u015fmas\u0131n\u0131 ister. \u0130\u00e7eriklerin daha b\u00fcy\u00fck kitlelere ula\u015fmas\u0131&#46;&#46;&#46;<\/p>\n","protected":false},"author":1,"featured_media":3077,"comment_status":"open","ping_status":"open","sticky":false,"template":"","format":"standard","meta":{"footnotes":""},"categories":[1],"tags":[],"class_list":["post-3076","post","type-post","status-publish","format-standard","has-post-thumbnail","hentry","category-arsiv"],"aioseo_notices":[],"amp_enabled":true,"_links":{"self":[{"href":"https:\/\/www.aykutozdemir.com.tr\/wordpress\/wp-json\/wp\/v2\/posts\/3076","targetHints":{"allow":["GET"]}}],"collection":[{"href":"https:\/\/www.aykutozdemir.com.tr\/wordpress\/wp-json\/wp\/v2\/posts"}],"about":[{"href":"https:\/\/www.aykutozdemir.com.tr\/wordpress\/wp-json\/wp\/v2\/types\/post"}],"author":[{"embeddable":true,"href":"https:\/\/www.aykutozdemir.com.tr\/wordpress\/wp-json\/wp\/v2\/users\/1"}],"replies":[{"embeddable":true,"href":"https:\/\/www.aykutozdemir.com.tr\/wordpress\/wp-json\/wp\/v2\/comments?post=3076"}],"version-history":[{"count":0,"href":"https:\/\/www.aykutozdemir.com.tr\/wordpress\/wp-json\/wp\/v2\/posts\/3076\/revisions"}],"wp:featuredmedia":[{"embeddable":true,"href":"https:\/\/www.aykutozdemir.com.tr\/wordpress\/wp-json\/wp\/v2\/media\/3077"}],"wp:attachment":[{"href":"https:\/\/www.aykutozdemir.com.tr\/wordpress\/wp-json\/wp\/v2\/media?parent=3076"}],"wp:term":[{"taxonomy":"category","embeddable":true,"href":"https:\/\/www.aykutozdemir.com.tr\/wordpress\/wp-json\/wp\/v2\/categories?post=3076"},{"taxonomy":"post_tag","embeddable":true,"href":"https:\/\/www.aykutozdemir.com.tr\/wordpress\/wp-json\/wp\/v2\/tags?post=3076"}],"curies":[{"name":"wp","href":"https:\/\/api.w.org\/{rel}","templated":true}]}}