{"id":3168,"date":"2017-11-24T15:36:51","date_gmt":"2017-11-24T12:36:51","guid":{"rendered":"http:\/\/aykutozdemir.com.tr\/wordpress\/?p=3168"},"modified":"2021-06-20T01:12:07","modified_gmt":"2021-06-19T22:12:07","slug":"wordpress-yazi-fontu-degistirme","status":"publish","type":"post","link":"https:\/\/www.aykutozdemir.com.tr\/wordpress\/wordpress-yazi-fontu-degistirme.html","title":{"rendered":"Wordpress Yaz\u0131 Fontu De\u011fi\u015ftirme"},"content":{"rendered":"<p>Wordpress \u00fczerinden blog edinmi\u015f, wordpress sitesi olan veya benzeri durumlarda yaz\u0131 tipi de\u011fi\u015ftirmek isteyen bir\u00e7ok ki\u015fi, bu konuda hakk\u0131nda pek bilgi sahibi olmad\u0131\u011f\u0131 i\u00e7in herhangi bir de\u011fi\u015fiklik yapamamaktad\u0131r. Her ne kadar son derece basit bir i\u015flem olarak g\u00f6r\u00fclse de, asl\u0131nda bir\u00e7o\u011fumuzun bu de\u011fi\u015fimi nas\u0131l yapaca\u011f\u0131 hakk\u0131nda bir fikri olmad\u0131\u011f\u0131n\u0131 s\u00f6ylemek do\u011fru olacakt\u0131r.<\/p>\n<h2 style=\"text-align: center;\"><strong>Wordpress Yaz\u0131 Fontu De\u011fi\u015ftirme<\/strong><\/h2>\n<p style=\"text-align: center;\"><a href=\"http:\/\/aykutozdemir.com.tr\/wordpress\/wp-content\/uploads\/Wordpress-Yaz\u0131-Fontu.jpg\"><img loading=\"lazy\" decoding=\"async\" class=\"alignnone size-full wp-image-3169\" src=\"http:\/\/aykutozdemir.com.tr\/wordpress\/wp-content\/uploads\/Wordpress-Yaz\u0131-Fontu.jpg\" alt=\"Wordpress Yaz\u0131 Fontu\" width=\"1920\" height=\"570\" \/><\/a><\/p>\n<p><strong>CSS Kullanarak Yaz\u0131 Tipi De\u011fi\u015ftirme<\/strong><\/p>\n<p>\u00d6ncelikle sitemizde veya herhangi bir b\u00f6lgede uygulayaca\u011f\u0131m\u0131z yaz\u0131 tipini bulmam\u0131z ve tam olarak ad\u0131n\u0131 \u00f6\u011frenmemiz gerekiyor. Bu kodu veya font ad\u0131n\u0131 \u00f6\u011frenebilmek ad\u0131na, yaz\u0131n\u0131n \u00fcst\u00fcne gelerek sa\u011f tu\u015fa t\u0131klayabilir ve \u201cincele\u201d k\u0131sm\u0131nda CSS bilgilerinin oldu\u011fu yerde fontu bulabilirsiniz. Sonras\u0131nda ise sunucu i\u00e7erisinde CSS dosyas\u0131n\u0131 bulman\u0131z ve burada da fontu uygulayaca\u011f\u0131n\u0131z konumu tam olarak bulman\u0131z gerekmektedir. Bu dosyay\u0131 bulduktan sonra i\u00e7erisine girerek, de\u011fi\u015ftirmek istedi\u011finiz etiketi bulduktan sonra, \u00f6rnek olarak; \u2018font-family: arial;\u2019 olan kodu \u2018font-family: (vermek istedi\u011finiz font);\u2019 \u015feklinde de\u011fi\u015ftirebilirsiniz. Bu sayede CSS kodlar\u0131 ile k\u0131sa yoldan herhangi bir eklenti kullanmadan yaz\u0131 tipinizi de\u011fi\u015ftirebilirsiniz.<\/p>\n<p><strong>Eklenti Kullanarak Wordpress Yaz\u0131 Tipi De\u011fi\u015ftirme<\/strong><\/p>\n<p>Wordpress\u2019te yaz\u0131 tipini CSS ile de\u011fi\u015ftirmek, biraz kod, biraz uzmanl\u0131k ve biraz da bilgi gerektiren bir durumdur. Bu nedenle bu gibi konulara yabanc\u0131 olan ki\u015filer yaz\u0131 tipini de\u011fi\u015ftirme konusunda \u00e7e\u015fitli zorluklar ya\u015fayabilmektedirler. E\u011fer siz de kod ve benzeri durumlarla u\u011fra\u015fmadan, k\u0131sa yoldan yaz\u0131 tipini de\u011fi\u015ftirmek istiyorsan\u0131z, bu konuda eklentilerden yard\u0131m alabilirsiniz. Bu konuda s\u0131kl\u0131kla tercih edilmekte olan birka\u00e7 eklenti bulunmakta ancak, Easy Google Fonts eklentisi \u015fuan hem en iyi hem de \u00fccretsiz olan eklentiler aras\u0131nda yer almaktad\u0131r. Wordpress \u00d6zelle\u015ftir se\u00e7ene\u011fi ile birlikte \u00e7al\u0131\u015fmakta olan bu eklenti, kurulumu ger\u00e7ekle\u015ftirmenizin ard\u0131ndan k\u0131sa s\u00fcre i\u00e7erisinde istedi\u011finiz fonta kavu\u015fman\u0131za yard\u0131mc\u0131 olmaktad\u0131r. Eklenti kurulduktan sonra G\u00f6r\u00fcn\u00fcm&gt; \u00d6zelle\u015ftir&gt; Sol k\u0131s\u0131mda yer alan men\u00fcye girerek Typography&gt; Default Tpography k\u0131sm\u0131na t\u0131klay\u0131n. Kar\u015f\u0131n\u0131za Paragraphs ve Heading 1 olmak \u00fczere iki farkl\u0131 se\u00e7enek \u00e7\u0131kacakt\u0131r. Bu k\u0131s\u0131mda gerekli olan font ayarlamalar\u0131n\u0131 yapt\u0131ktan sonra, i\u00e7eriklerinize dair bir\u00e7ok d\u00fczenlemeyi yine bu eklenti sayesinde ger\u00e7ekle\u015ftirebilirsiniz.<\/p>\n<p><strong>My Theme Shop Temalar\u0131nda Yaz\u0131 Tipi De\u011fi\u015ftirme<\/strong><\/p>\n<p>My Theme Shop temalar\u0131nda yaz\u0131 tipi, fontu ve boyutu gibi ayarlamalar\u0131 \u00e7ok daha kolay bir \u015fekilde d\u00fczenleyebilirsiniz. Bunun i\u00e7in \u00f6ncelikle Admin paneline girerek, sol k\u0131s\u0131mda yer alan g\u00f6r\u00fcn\u00fcme, ard\u0131ndan Theme Options k\u0131sm\u0131na ve ard\u0131ndan ise Typography se\u00e7ene\u011fine t\u0131klaman\u0131z gerekmektedir. Bu k\u0131s\u0131mda gerekli olan d\u00fczenlemeleri hem daha kolay hem de daha iyi bir \u015fekilde ger\u00e7ekle\u015ftirebilirsiniz.<\/p>\n","protected":false},"excerpt":{"rendered":"<p>Wordpress \u00fczerinden blog edinmi\u015f, wordpress sitesi olan veya benzeri durumlarda yaz\u0131 tipi de\u011fi\u015ftirmek isteyen bir\u00e7ok&#46;&#46;&#46;<\/p>\n","protected":false},"author":1,"featured_media":3170,"comment_status":"open","ping_status":"open","sticky":false,"template":"","format":"standard","meta":{"footnotes":""},"categories":[186],"tags":[],"class_list":["post-3168","post","type-post","status-publish","format-standard","has-post-thumbnail","hentry","category-wordpress-ipuclari"],"aioseo_notices":[],"amp_enabled":true,"_links":{"self":[{"href":"https:\/\/www.aykutozdemir.com.tr\/wordpress\/wp-json\/wp\/v2\/posts\/3168","targetHints":{"allow":["GET"]}}],"collection":[{"href":"https:\/\/www.aykutozdemir.com.tr\/wordpress\/wp-json\/wp\/v2\/posts"}],"about":[{"href":"https:\/\/www.aykutozdemir.com.tr\/wordpress\/wp-json\/wp\/v2\/types\/post"}],"author":[{"embeddable":true,"href":"https:\/\/www.aykutozdemir.com.tr\/wordpress\/wp-json\/wp\/v2\/users\/1"}],"replies":[{"embeddable":true,"href":"https:\/\/www.aykutozdemir.com.tr\/wordpress\/wp-json\/wp\/v2\/comments?post=3168"}],"version-history":[{"count":0,"href":"https:\/\/www.aykutozdemir.com.tr\/wordpress\/wp-json\/wp\/v2\/posts\/3168\/revisions"}],"wp:featuredmedia":[{"embeddable":true,"href":"https:\/\/www.aykutozdemir.com.tr\/wordpress\/wp-json\/wp\/v2\/media\/3170"}],"wp:attachment":[{"href":"https:\/\/www.aykutozdemir.com.tr\/wordpress\/wp-json\/wp\/v2\/media?parent=3168"}],"wp:term":[{"taxonomy":"category","embeddable":true,"href":"https:\/\/www.aykutozdemir.com.tr\/wordpress\/wp-json\/wp\/v2\/categories?post=3168"},{"taxonomy":"post_tag","embeddable":true,"href":"https:\/\/www.aykutozdemir.com.tr\/wordpress\/wp-json\/wp\/v2\/tags?post=3168"}],"curies":[{"name":"wp","href":"https:\/\/api.w.org\/{rel}","templated":true}]}}