{"id":3172,"date":"2017-11-25T15:43:45","date_gmt":"2017-11-25T12:43:45","guid":{"rendered":"http:\/\/aykutozdemir.com.tr\/wordpress\/?p=3172"},"modified":"2021-06-20T00:47:38","modified_gmt":"2021-06-19T21:47:38","slug":"facebook-creator-uygulamasi","status":"publish","type":"post","link":"https:\/\/www.aykutozdemir.com.tr\/wordpress\/facebook-creator-uygulamasi.html","title":{"rendered":"Facebook Creator Uygulamas\u0131"},"content":{"rendered":"<p>Sosyal medya fenomenlerine b\u00fcy\u00fck kolayl\u0131k ve daha fazla etkile\u015fim sa\u011flayacak olan Creator uygulamas\u0131, Facebook \u00fczerinde y\u00fcksek takip\u00e7i say\u0131s\u0131na sahip olan ki\u015filerin payla\u015fm\u0131\u015f olduklar\u0131 videolar ile video topluluklar\u0131 olu\u015fturmalar\u0131na yard\u0131mc\u0131 oluyor. \u00d6n\u00fcm\u00fczdeki aylarda sosyal medya fenomenleri taraf\u0131ndan kullan\u0131labilmesi beklenen bu uygulaman\u0131n detaylar\u0131 bir\u00e7ok ki\u015fi taraf\u0131ndan merak ediliyor.<\/p>\n<h2 style=\"text-align: center;\"><strong>Facebook Creator Uygulamas\u0131<\/strong><\/h2>\n<p>&nbsp;<\/p>\n<p style=\"text-align: center;\"><a href=\"http:\/\/aykutozdemir.com.tr\/wordpress\/wp-content\/uploads\/Facebook-Creator-Uygulamas\u0131.jpg\"><img loading=\"lazy\" decoding=\"async\" class=\"alignnone size-full wp-image-3173\" src=\"http:\/\/aykutozdemir.com.tr\/wordpress\/wp-content\/uploads\/Facebook-Creator-Uygulamas\u0131.jpg\" alt=\"Facebook Creator Uygulamas\u0131\" width=\"1525\" height=\"820\" \/><\/a><\/p>\n<p><strong>Haziran Ay\u0131nda Bu Uygulamadan Bahsedilmi\u015fti<\/strong><\/p>\n<p>Ge\u00e7ti\u011fimiz Haziran ay\u0131 i\u00e7erisinde VidCon etkinli\u011fi esnas\u0131nda b\u00f6yle bir uygulaman\u0131n gelece\u011fini duyuran Facebook, bug\u00fcnlerde ise bu uygulaman\u0131n hayata ge\u00e7mesi ad\u0131na u\u011fra\u015f g\u00f6steriyor. \u0130OS ve Android platformlarda kullan\u0131lacak olan bu uygulama, 2014 y\u0131l\u0131nda \u00e7\u0131kar\u0131lan Facebook Mentions uygulamas\u0131n\u0131n biraz daha g\u00fcncellenmi\u015f hali diyebiliriz. Bu uygulama sadece belirli ki\u015filer taraf\u0131ndan kullan\u0131l\u0131yor ve herkes bu uygulamadan yararlanam\u0131yordu. Ancak yeni d\u00fczenleme ile birlikte bu uygulamadan art\u0131k t\u00fcm Facebook kullan\u0131c\u0131lar\u0131n\u0131n faydalanmas\u0131 bekleniyor. \u00d6te yandan App Store uygulama platformunda uygulaman\u0131n halen daha \u201cMentions\u201d ad\u0131yla sergileniyor olmas\u0131 kafalar\u0131 kar\u0131\u015ft\u0131rm\u0131yor de\u011fil. Zengin i\u00e7erikli takip\u00e7i olu\u015fturma ara\u00e7lar\u0131 olarak bilinen bu uygulamay\u0131 kullanmak isteyen herkes art\u0131k rahatl\u0131kla y\u00fckleyebiliyor. Geli\u015fmekte olan hesaplar i\u00e7in takip\u00e7i kitlelerine b\u00fcy\u00fck katk\u0131 sa\u011flayacak olan bu uygulama, \u2018Facebook for Creators\u2019 k\u0131sm\u0131nda \u00e7ok daha detayl\u0131 bir \u015fekilde anlat\u0131lacak. Peki bu uygulaman\u0131n i\u00e7erisinde neler yer al\u0131yor?<\/p>\n<p><strong>Live Creative Kit<\/strong><\/p>\n<p>Uygulaman\u0131n i\u00e7erisinde yer alan bu set, canl\u0131 yay\u0131n a\u00e7an ki\u015filerin, canl\u0131 yay\u0131n esnas\u0131nda tan\u0131t\u0131mlar ve belirli emojiler ile tepkiler verebilmelerine yard\u0131mc\u0131 oluyor. \u00d6rnek olarak be\u011fenmi\u015f oldu\u011funuz bir intro, m\u00fczik, video veya herhangi bir tan\u0131t\u0131m videosunu bu set sayesinde haz\u0131r hale getirip, canl\u0131 yay\u0131n\u0131za kat\u0131lan ki\u015filere bir demo olarak sunabiliyorsunuz. Canl\u0131 yay\u0131n\u0131za kat\u0131lan takip\u00e7ileriniz yay\u0131na kat\u0131l\u0131rken ilk olarak bu intro\u2019yu g\u00f6r\u00fcp, sonras\u0131nda yay\u0131n\u0131za kat\u0131labiliyorlar.<\/p>\n<p><strong>Birle\u015fik Gelen Kutusu<\/strong><\/p>\n<p>Sosyal medya fenomenlerini Instagram, Facrebook ve Messenger aras\u0131nda s\u00fcrekli olarak ko\u015fu\u015fturmamak ad\u0131na gelen bu \u00f6zellik, size gelen t\u00fcm mesajlar\u0131 ve yorumlar\u0131 bir arada g\u00f6rebilmenize yard\u0131mc\u0131 oluyor. Ayr\u0131ca k\u00f6t\u00fc mesajlar\u0131 ya da yorumlar\u0131 silmek isteyen ki\u015filer, bu sayede \u00e7ok daha kolay ve h\u0131zl\u0131 bir \u015fekilde hem bu mesajlardan hem de bu yorumlardan rahatl\u0131kla kurtulabiliyorlar.<\/p>\n<p><strong>Analitik<\/strong><\/p>\n<p>Takip\u00e7ilerinize, hesab\u0131n\u0131za ve etkile\u015fimlerinize dair bilgileri tek bir yerden g\u00f6rebilece\u011finiz bu uygulama sayesinde, t\u00fcm ayr\u0131nt\u0131lar\u0131 tek tek ve ayr\u0131 ayr\u0131 incelemek yerine sadece bir yerden \u00e7ok daha kolay bir\u00a0 \u015fekilde takip edebilirsiniz. Uygulamalar aras\u0131 ge\u00e7i\u015f yapman\u0131n zorlu\u011funu bir kenara at\u0131p, her t\u00fcrl\u00fc bilgiyi bir yerden rahatl\u0131kla toplayabilir ve elde edebilirsiniz.<\/p>\n","protected":false},"excerpt":{"rendered":"<p>Sosyal medya fenomenlerine b\u00fcy\u00fck kolayl\u0131k ve daha fazla etkile\u015fim sa\u011flayacak olan Creator uygulamas\u0131, Facebook \u00fczerinde&#46;&#46;&#46;<\/p>\n","protected":false},"author":1,"featured_media":3174,"comment_status":"open","ping_status":"open","sticky":false,"template":"","format":"standard","meta":{"footnotes":""},"categories":[1],"tags":[142],"class_list":["post-3172","post","type-post","status-publish","format-standard","has-post-thumbnail","hentry","category-arsiv","tag-facebook"],"aioseo_notices":[],"amp_enabled":true,"_links":{"self":[{"href":"https:\/\/www.aykutozdemir.com.tr\/wordpress\/wp-json\/wp\/v2\/posts\/3172","targetHints":{"allow":["GET"]}}],"collection":[{"href":"https:\/\/www.aykutozdemir.com.tr\/wordpress\/wp-json\/wp\/v2\/posts"}],"about":[{"href":"https:\/\/www.aykutozdemir.com.tr\/wordpress\/wp-json\/wp\/v2\/types\/post"}],"author":[{"embeddable":true,"href":"https:\/\/www.aykutozdemir.com.tr\/wordpress\/wp-json\/wp\/v2\/users\/1"}],"replies":[{"embeddable":true,"href":"https:\/\/www.aykutozdemir.com.tr\/wordpress\/wp-json\/wp\/v2\/comments?post=3172"}],"version-history":[{"count":0,"href":"https:\/\/www.aykutozdemir.com.tr\/wordpress\/wp-json\/wp\/v2\/posts\/3172\/revisions"}],"wp:featuredmedia":[{"embeddable":true,"href":"https:\/\/www.aykutozdemir.com.tr\/wordpress\/wp-json\/wp\/v2\/media\/3174"}],"wp:attachment":[{"href":"https:\/\/www.aykutozdemir.com.tr\/wordpress\/wp-json\/wp\/v2\/media?parent=3172"}],"wp:term":[{"taxonomy":"category","embeddable":true,"href":"https:\/\/www.aykutozdemir.com.tr\/wordpress\/wp-json\/wp\/v2\/categories?post=3172"},{"taxonomy":"post_tag","embeddable":true,"href":"https:\/\/www.aykutozdemir.com.tr\/wordpress\/wp-json\/wp\/v2\/tags?post=3172"}],"curies":[{"name":"wp","href":"https:\/\/api.w.org\/{rel}","templated":true}]}}