{"id":320,"date":"2013-01-09T19:34:44","date_gmt":"2013-01-09T17:34:44","guid":{"rendered":"http:\/\/aykutozdemir.com.tr\/wordpress\/?p=320"},"modified":"2021-06-20T21:10:47","modified_gmt":"2021-06-20T18:10:47","slug":"wordpress-siteye-facebook-ile-giris","status":"publish","type":"post","link":"https:\/\/www.aykutozdemir.com.tr\/wordpress\/wordpress-siteye-facebook-ile-giris.html","title":{"rendered":"Wordpress Siteye Facebook \u0130le Giri\u015f"},"content":{"rendered":"<p><span style=\"color: #000000;\">Sosyal a\u011flar\u0131n g\u00fcc\u00fcn\u00fcn artmas\u0131 ile, websiteler de buna ayak uydurdu. \u00d6zellikle, d\u00fcnya \u00e7ap\u0131nda en \u00e7ok kullan\u0131lan sosyal platform olan Facebook, pek \u00e7ok sistem ile entegre olabilir hale geldi. Gerek Facebook geli\u015ftiricileri, gerekse webmasterlar bu konuda pek \u00e7ok entegrasyon sistemi geli\u015ftirdi.<\/span><\/p>\n<p><span style=\"color: #000000;\">Wordpress sistemi i\u00e7in de, \u00e7e\u015fitli Facebook eklentileri geli\u015ftirildi. Simple Facebook Connect bu eklentilerden birisidir. \u0130nternet d\u00fcnyas\u0131n\u0131n geli\u015fimi, h\u0131z\u0131 da beraberinde getirdi. Art\u0131k pek \u00e7ok sitede, kay\u0131t i\u00e7in gerekli teferruatl\u0131 i\u015flemler yerine, Facebook hesab\u0131 ile giri\u015f yap\u0131labiliyor. Bu eklenti de, Wordpress bloglar\u0131m\u0131za, Facebook hesab\u0131 ile giri\u015f yap\u0131labilmesini sa\u011fl\u0131yor.<\/span><\/p>\n<p><span style=\"color: #000000;\">\u00d6ncelikle eklentiyi buradan indiriyoruz : <span style=\"color: #000000;\"><\/span><\/span><\/p>\n<p><span style=\"color: #000000;\"><a title=\"WordPress Eklenti Kurulumu\" href=\"http:\/\/aykutozdemir.com.tr\/wordpress\/wordpress-eklenti-kurulumu.html\" target=\"_blank\" rel=\"noopener\">Eklenti Kurulumu<\/a> ba\u015fl\u0131kl\u0131 yaz\u0131da, bu eklentiyi nas\u0131l kuraca\u011f\u0131n\u0131za dair detayl\u0131 bilgi mevcuttur.<\/span><\/p>\n<p><span style=\"color: #000000;\">Eklentimizi kurup etkinle\u015ftirelim.<\/span><\/p>\n<p><span style=\"color: #000000;\">Admin\u00a0 panel &gt; Ayarlar &gt;Simple Facebook Connect sekmesine gelelim.<\/span><\/p>\n<p><span style=\"color: #000000;\">\u00d6ncelikle eklentiyi kullanabilmek i\u00e7in Facebook Uygulama anahtar\u0131 ve parolas\u0131\u00a0 almam\u0131z gerekmektedir. : <span style=\"color: #000000;\"><\/span><\/span><\/p>\n<p><span style=\"color: #000000;\">\u015eimdi gerekli alanlar\u0131 doldural\u0131m. Detaylar resimde mevcuttur :<\/span><\/p>\n<p><span style=\"color: #000000;\"><a href=\"http:\/\/aykutozdemir.com.tr\/wordpress\/wp-content\/uploads\/wordpress-facebook-simple-connect.png\"><span style=\"color: #000000;\"><img loading=\"lazy\" decoding=\"async\" class=\"aligncenter size-medium wp-image-321\" alt=\"wordpress facebook simple connect\" src=\"http:\/\/aykutozdemir.com.tr\/wordpress\/wp-content\/uploads\/wordpress-facebook-simple-connect-122x300.png\" width=\"122\" height=\"300\" \/><\/span><\/a><\/span><\/p>\n<p><span style=\"color: #000000;\">Art\u0131k takip\u00e7ileriniz, Facebook hesaplar\u0131 ile sitenize kay\u0131t olabilir, giri\u015f yapabilir ve de yorumda bulunabilir. META bile\u015fenini kald\u0131rd\u0131ysan\u0131z, Sitenize kay\u0131t ve login i\u00e7in butonlar eklemeyi unutmay\u0131n.<br \/>\n<\/span><\/p>\n<p><span style=\"color: #000000;\">Ve yine art\u0131k yaz\u0131lar\u0131n\u0131z facebook sayfa ve profilinize otomatik g\u00f6nderilebilecek, facebook yorumlar\u0131 sitenize entegre olabilecek. <\/span><\/p>\n<p><span style=\"color: #000000;\">Ayr\u0131ca bile\u015fenler sayfan\u0131za giri\u015f yaparak, sidebarda g\u00f6r\u00fcnemesini istedi\u011finiz Facebook Bile\u015fenleri i\u00e7in ayar yapmay\u0131 unutmay\u0131n. Bunlar\u0131n ne oldu\u011funu yazm\u0131yorum, o da eklentinin s\u00fcprizi olsun.<\/span><\/p>\n<p><span style=\"color: #000000;\">Eklentiniz hay\u0131rl\u0131 u\u011furlu olsun,<\/span><\/p>\n<p><span style=\"color: #000000;\">\u0130yi bloglamalar :)<\/span><\/p>\n<p>&nbsp;<\/p>\n<p><span style=\"color: #000000;\">\u00a0<\/span><\/p>\n<p><span style=\"color: #000000;\">\u00a0<\/span><\/p>\n<p><span style=\"color: #000000;\">\u00a0<\/span><\/p>\n<p><span style=\"color: #000000;\">\u00a0<\/span><\/p>\n","protected":false},"excerpt":{"rendered":"<p>Sosyal a\u011flar\u0131n g\u00fcc\u00fcn\u00fcn artmas\u0131 ile, websiteler de buna ayak uydurdu. \u00d6zellikle, d\u00fcnya \u00e7ap\u0131nda en \u00e7ok&#46;&#46;&#46;<\/p>\n","protected":false},"author":1,"featured_media":322,"comment_status":"open","ping_status":"open","sticky":false,"template":"","format":"standard","meta":{"footnotes":""},"categories":[6],"tags":[142],"class_list":["post-320","post","type-post","status-publish","format-standard","has-post-thumbnail","hentry","category-wordpress-eklentileri","tag-facebook"],"aioseo_notices":[],"amp_enabled":true,"_links":{"self":[{"href":"https:\/\/www.aykutozdemir.com.tr\/wordpress\/wp-json\/wp\/v2\/posts\/320","targetHints":{"allow":["GET"]}}],"collection":[{"href":"https:\/\/www.aykutozdemir.com.tr\/wordpress\/wp-json\/wp\/v2\/posts"}],"about":[{"href":"https:\/\/www.aykutozdemir.com.tr\/wordpress\/wp-json\/wp\/v2\/types\/post"}],"author":[{"embeddable":true,"href":"https:\/\/www.aykutozdemir.com.tr\/wordpress\/wp-json\/wp\/v2\/users\/1"}],"replies":[{"embeddable":true,"href":"https:\/\/www.aykutozdemir.com.tr\/wordpress\/wp-json\/wp\/v2\/comments?post=320"}],"version-history":[{"count":0,"href":"https:\/\/www.aykutozdemir.com.tr\/wordpress\/wp-json\/wp\/v2\/posts\/320\/revisions"}],"wp:featuredmedia":[{"embeddable":true,"href":"https:\/\/www.aykutozdemir.com.tr\/wordpress\/wp-json\/wp\/v2\/media\/322"}],"wp:attachment":[{"href":"https:\/\/www.aykutozdemir.com.tr\/wordpress\/wp-json\/wp\/v2\/media?parent=320"}],"wp:term":[{"taxonomy":"category","embeddable":true,"href":"https:\/\/www.aykutozdemir.com.tr\/wordpress\/wp-json\/wp\/v2\/categories?post=320"},{"taxonomy":"post_tag","embeddable":true,"href":"https:\/\/www.aykutozdemir.com.tr\/wordpress\/wp-json\/wp\/v2\/tags?post=320"}],"curies":[{"name":"wp","href":"https:\/\/api.w.org\/{rel}","templated":true}]}}