{"id":4572,"date":"2020-11-18T22:31:04","date_gmt":"2020-11-18T19:31:04","guid":{"rendered":"https:\/\/www.aykutozdemir.com.tr\/wordpress\/?p=4572"},"modified":"2021-06-20T01:06:35","modified_gmt":"2021-06-19T22:06:35","slug":"classipress-amp-kurulumu-nedir","status":"publish","type":"post","link":"https:\/\/www.aykutozdemir.com.tr\/wordpress\/classipress-amp-kurulumu-nedir.html","title":{"rendered":"Classipress Amp Kurulumu Nedir?"},"content":{"rendered":"<p>Classipres Amp kurulumu, son d\u00f6nemlerin en dikkat \u00e7eken konular\u0131ndan bir tanesi olurken kurulumun ger\u00e7ekle\u015fmesinden \u00f6nce bu yap\u0131n\u0131n ne oldu\u011funa bir g\u00f6z atmak gerekir. Classipress Amp, WordPress altyap\u0131s\u0131n\u0131 kullanan yayg\u0131n temalardan bir tanesidir.<\/p>\n<p>WordPress altyap\u0131s\u0131na sahip olsa da bu teman\u0131n yap\u0131 olarak bir nebze farkl\u0131 oldu\u011funu bilmeniz gerekir. Kod anlam\u0131nda yap\u0131s\u0131 farkl\u0131 olan <a href=\"https:\/\/www.ampkurulumu.com\/wordpress-classipress-amp-kurulumu-ve-ayarlari\/\">Classipress Amp<\/a> ile alakal\u0131 kurulum s\u00fcrecini nas\u0131l ger\u00e7ekle\u015ftirilece\u011fine daha yak\u0131ndan bir g\u00f6z atal\u0131m!<\/p>\n<p><strong>Classipress Amp Kurulumu Nas\u0131l Ger\u00e7ekle\u015fir?<\/strong><\/p>\n<p>Classipress i\u00e7in \u00f6ncelikli olarak AMP eklentisini kurman\u0131z gerekir. Bu eklenti kurulu ise post ve taxonomy t\u00fcrlerini de eklentiye entegre etmeniz gerekecektir. Peki, ama nas\u0131l? Gelin bu konuda nas\u0131l bir yol haritas\u0131 izlemeniz gerekti\u011fine daha yak\u0131ndan bir bakal\u0131m!<\/p>\n<ol>\n<li>Settings b\u00f6l\u00fcm\u00fcnden \u2018General\u2019 butonuna t\u0131klay\u0131n ve genel ayarlar\u0131 a\u00e7\u0131n,<\/li>\n<li>AMP Support\u2019un hemen alt\u0131nda yer alan Custom Post Types kutucu\u011funu se\u00e7erek Ads se\u00e7ene\u011fini se\u00e7ili yaparak kaydedin,<\/li>\n<li>Ayarlar k\u0131sm\u0131ndan \u00e7\u0131kmadan sol men\u00fcde bulunan Design k\u0131sm\u0131na t\u0131klayarak HomePage sekmesini se\u00e7in,<\/li>\n<li>Post Type in Loop b\u00f6l\u00fcm\u00fcnde Anasayfa\u2019da hangi yaz\u0131 t\u00fcr\u00fcn\u00fcn belirgin olmas\u0131n\u0131 istiyorsan\u0131z onu se\u00e7menizi \u00f6neriyoruz.<\/li>\n<li>Bir \u00f6nceki ad\u0131mda Ads se\u00e7ene\u011fini tercih etmeniz sizler a\u00e7\u0131s\u0131ndan daha do\u011fru olacakt\u0131r,<\/li>\n<li>D\u0131\u015far\u0131da b\u0131rakmak istenen bir kategori varsa mutlaka Exclude k\u0131sm\u0131ndan o kategorinin d\u0131\u015far\u0131da b\u0131rak\u0131lmas\u0131 gerekir.<\/li>\n<\/ol>\n<p><strong>Classipress Nas\u0131l \u00c7al\u0131\u015f\u0131r?<\/strong><\/p>\n<p>Olduk\u00e7a \u00f6nemli bir eklenti olan Classipress\u2019te baz\u0131 \u00f6zellikleri kullanabilmek ad\u0131na kod bilmeniz \u015fartt\u0131r. Aksi takdirde kullanaca\u011f\u0131n\u0131z yap\u0131larla ilgili ba\u015far\u0131l\u0131 sonu\u00e7lar elde etmeniz muhtemel olmayacakt\u0131r. Kod ile y\u00f6nlendirme ya da do\u011frudan y\u00f6nlendirme se\u00e7eneklerini tercih edebilece\u011finiz bu yap\u0131y\u0131 kulland\u0131k\u00e7a daha da a\u015fina olaca\u011f\u0131n\u0131z\u0131 s\u00f6ylemekte yarar vard\u0131r!<\/p>\n<p><strong>ClassiPress Amp i\u00e7in Gerekli \u00dccretler<\/strong><\/p>\n<p>Bu konuda net cevaplar vermek olduk\u00e7a zordur. \u00c7\u00fcnk\u00fc ne kadar \u00fccret gerekti\u011fi siteden siteye farkl\u0131l\u0131k g\u00f6steren konulardan bir tanesidir. Sitenizdeki geli\u015ftirmeleri profesyonel bir destek alarak ger\u00e7ekle\u015ftirmek istedi\u011finizde \u00fccretler y\u00fcksek noktalara \u00e7\u0131kabilmektedir. Ancak kendiniz kod biliyorsan\u0131z ve de\u011fi\u015fiklikleri de kendi ba\u015f\u0131n\u0131za yapacaksan\u0131z bu noktada sizin i\u00e7in \u00e7ok da b\u00fcy\u00fck bir gider olmad\u0131\u011f\u0131 s\u00f6ylenebilir. Kod biliyorsan\u0131z her \u015fey daha kolay!<\/p>\n","protected":false},"excerpt":{"rendered":"<p>Classipres Amp kurulumu, son d\u00f6nemlerin en dikkat \u00e7eken konular\u0131ndan bir tanesi olurken kurulumun ger\u00e7ekle\u015fmesinden \u00f6nce&#46;&#46;&#46;<\/p>\n","protected":false},"author":1,"featured_media":4573,"comment_status":"open","ping_status":"open","sticky":false,"template":"","format":"standard","meta":{"footnotes":""},"categories":[189],"tags":[1994],"class_list":["post-4572","post","type-post","status-publish","format-standard","has-post-thumbnail","hentry","category-sponsor","tag-amp"],"aioseo_notices":[],"amp_enabled":true,"_links":{"self":[{"href":"https:\/\/www.aykutozdemir.com.tr\/wordpress\/wp-json\/wp\/v2\/posts\/4572","targetHints":{"allow":["GET"]}}],"collection":[{"href":"https:\/\/www.aykutozdemir.com.tr\/wordpress\/wp-json\/wp\/v2\/posts"}],"about":[{"href":"https:\/\/www.aykutozdemir.com.tr\/wordpress\/wp-json\/wp\/v2\/types\/post"}],"author":[{"embeddable":true,"href":"https:\/\/www.aykutozdemir.com.tr\/wordpress\/wp-json\/wp\/v2\/users\/1"}],"replies":[{"embeddable":true,"href":"https:\/\/www.aykutozdemir.com.tr\/wordpress\/wp-json\/wp\/v2\/comments?post=4572"}],"version-history":[{"count":0,"href":"https:\/\/www.aykutozdemir.com.tr\/wordpress\/wp-json\/wp\/v2\/posts\/4572\/revisions"}],"wp:featuredmedia":[{"embeddable":true,"href":"https:\/\/www.aykutozdemir.com.tr\/wordpress\/wp-json\/wp\/v2\/media\/4573"}],"wp:attachment":[{"href":"https:\/\/www.aykutozdemir.com.tr\/wordpress\/wp-json\/wp\/v2\/media?parent=4572"}],"wp:term":[{"taxonomy":"category","embeddable":true,"href":"https:\/\/www.aykutozdemir.com.tr\/wordpress\/wp-json\/wp\/v2\/categories?post=4572"},{"taxonomy":"post_tag","embeddable":true,"href":"https:\/\/www.aykutozdemir.com.tr\/wordpress\/wp-json\/wp\/v2\/tags?post=4572"}],"curies":[{"name":"wp","href":"https:\/\/api.w.org\/{rel}","templated":true}]}}