{"id":5895,"date":"2022-01-02T00:46:29","date_gmt":"2022-01-01T21:46:29","guid":{"rendered":"https:\/\/www.aykutozdemir.com.tr\/wordpress\/?p=5895"},"modified":"2022-02-04T00:51:11","modified_gmt":"2022-02-03T21:51:11","slug":"instagramda-rahatsiz-edici-yorumlar-nasil-filtrelenir","status":"publish","type":"post","link":"https:\/\/www.aykutozdemir.com.tr\/wordpress\/instagramda-rahatsiz-edici-yorumlar-nasil-filtrelenir.html","title":{"rendered":"Instagram&#8217;da Rahats\u0131z Edici Yorumlar Nas\u0131l Filtrelenir?"},"content":{"rendered":"<p>Instagram yorum filtreleme \u00f6zelli\u011fi, varsay\u0131lan Instagram klavyesine dayal\u0131 olarak yorumlar gizlememize ve engellememize olanak tan\u0131r veya hatta ki\u015fisel olarak ka\u00e7\u0131nmak istedi\u011fimiz kelimeleri, c\u00fcmleleri vb. yazarak filtrelemeyi manuel olarak ayarlayabiliriz. Varsay\u0131lan klavye, Instagram&#8217;da yayg\u0131n olarak bildirilen t\u00fcm kelimeleri, c\u00fcmleleri veya emojileri i\u00e7erir.<\/p>\n<p>Bu filtreleme \u00f6zelli\u011fi, kullan\u0131c\u0131lar\u0131n ki\u015fisel hesaplar\u0131ndaki <a href=\"https:\/\/www.aykutozdemir.com.tr\/wordpress\/instagram-silinen-mesajlari-geri-getirme.html\">Instagram<\/a> foto\u011fraf ve videolar\u0131ndaki gereksiz veya rahats\u0131z edici kullan\u0131c\u0131 yorumlar\u0131n\u0131 denetlemek i\u00e7in kullan\u0131\u015fl\u0131d\u0131r. Medyan\u0131zdaki yorumlar filtrelemek i\u00e7in istedi\u011finiz say\u0131da kelime belirleyebilirsiniz ve Instagram gerisini otomatik olarak halledecektir. Instagram g\u00f6nderilerindeki yorumlar\u0131 filtrelemenin ad\u0131mlar\u0131:<\/p>\n<ol>\n<li>Profilinize gidin.<\/li>\n<li>Sa\u011f \u00fcst k\u00f6\u015fede \u00f6\u011fesini se\u00e7in.<\/li>\n<li>Ayarlara git.<\/li>\n<li>Gizlili\u011fi se\u00e7in, ard\u0131ndan yoruma dokunun.<\/li>\n<li>Yorum kontrollerinde, manuel filtreye dokunun ve a\u00e7\u0131n.<\/li>\n<li>Yorumlar\u0131 filtrelemek i\u00e7in metin kutusuna belirli kelimeler, ifadeler, say\u0131lar veya emoji girin.<\/li>\n<\/ol>\n<p><a href=\"https:\/\/www.aykutozdemir.com.tr\/wordpress\/wp-content\/uploads\/Instagram-Rahatsiz-Edici-Yorumlar.jpg\"><img loading=\"lazy\" decoding=\"async\" class=\"aligncenter wp-image-5897 size-full\" src=\"https:\/\/www.aykutozdemir.com.tr\/wordpress\/wp-content\/uploads\/Instagram-Rahatsiz-Edici-Yorumlar.jpg\" alt=\"Yorumlar \" width=\"900\" height=\"937\" \/><\/a><\/p>\n<h3>Bilgisayarda veya Mobil Taray\u0131c\u0131da Yorumlar Nas\u0131l Filtrelenir?<\/h3>\n<ol>\n<li>Taray\u0131c\u0131da instagram.com&#8217;a gidin.<\/li>\n<li>Profile gidin ve ard\u0131ndan ayarlara t\u0131klay\u0131n.<\/li>\n<li>Gizlilik ve g\u00fcvenli\u011fe gidin.<\/li>\n<li>Yorum ayarlar\u0131n\u0131 d\u00fczenle&#8217;yi t\u0131klay\u0131n.<\/li>\n<li>Art\u0131k yorumlar\u0131 filtrelemek i\u00e7in metin kutusuna belirli kelimeler, ifadeler, say\u0131lar veya emojiler girilebilir.<\/li>\n<li>G\u00f6nder&#8217;i t\u0131klay\u0131n.<\/li>\n<\/ol>\n<p>Instagram&#8217;da Sald\u0131rgan Yorumlar Nas\u0131l Filtrelenir bu makaleyi umar\u0131m anlam\u0131\u015fs\u0131n\u0131zd\u0131r, cevab\u0131n\u0131z hay\u0131r ise bu makale ile ilgili forum ileti\u015fim b\u00f6l\u00fcm\u00fcnden her \u015feyi sorabilirsiniz. Cevab\u0131n\u0131z evet ise l\u00fctfen bu makaleyi aileniz ve arkada\u015flar\u0131n\u0131zla payla\u015f\u0131n.<\/p>\n","protected":false},"excerpt":{"rendered":"<p>Instagram yorum filtreleme \u00f6zelli\u011fi, varsay\u0131lan Instagram klavyesine dayal\u0131 olarak yorumlar gizlememize ve engellememize olanak tan\u0131r&#46;&#46;&#46;<\/p>\n","protected":false},"author":12,"featured_media":5898,"comment_status":"open","ping_status":"open","sticky":false,"template":"","format":"standard","meta":{"footnotes":""},"categories":[325],"tags":[],"class_list":["post-5895","post","type-post","status-publish","format-standard","has-post-thumbnail","hentry","category-sosyal-medya"],"aioseo_notices":[],"amp_enabled":true,"_links":{"self":[{"href":"https:\/\/www.aykutozdemir.com.tr\/wordpress\/wp-json\/wp\/v2\/posts\/5895","targetHints":{"allow":["GET"]}}],"collection":[{"href":"https:\/\/www.aykutozdemir.com.tr\/wordpress\/wp-json\/wp\/v2\/posts"}],"about":[{"href":"https:\/\/www.aykutozdemir.com.tr\/wordpress\/wp-json\/wp\/v2\/types\/post"}],"author":[{"embeddable":true,"href":"https:\/\/www.aykutozdemir.com.tr\/wordpress\/wp-json\/wp\/v2\/users\/12"}],"replies":[{"embeddable":true,"href":"https:\/\/www.aykutozdemir.com.tr\/wordpress\/wp-json\/wp\/v2\/comments?post=5895"}],"version-history":[{"count":1,"href":"https:\/\/www.aykutozdemir.com.tr\/wordpress\/wp-json\/wp\/v2\/posts\/5895\/revisions"}],"predecessor-version":[{"id":5899,"href":"https:\/\/www.aykutozdemir.com.tr\/wordpress\/wp-json\/wp\/v2\/posts\/5895\/revisions\/5899"}],"wp:featuredmedia":[{"embeddable":true,"href":"https:\/\/www.aykutozdemir.com.tr\/wordpress\/wp-json\/wp\/v2\/media\/5898"}],"wp:attachment":[{"href":"https:\/\/www.aykutozdemir.com.tr\/wordpress\/wp-json\/wp\/v2\/media?parent=5895"}],"wp:term":[{"taxonomy":"category","embeddable":true,"href":"https:\/\/www.aykutozdemir.com.tr\/wordpress\/wp-json\/wp\/v2\/categories?post=5895"},{"taxonomy":"post_tag","embeddable":true,"href":"https:\/\/www.aykutozdemir.com.tr\/wordpress\/wp-json\/wp\/v2\/tags?post=5895"}],"curies":[{"name":"wp","href":"https:\/\/api.w.org\/{rel}","templated":true}]}}