{"id":6982,"date":"2023-09-04T12:33:56","date_gmt":"2023-09-04T09:33:56","guid":{"rendered":"https:\/\/www.aykutozdemir.com.tr\/wordpress\/?p=6982"},"modified":"2023-09-04T12:33:56","modified_gmt":"2023-09-04T09:33:56","slug":"almanyada-saatlik-asgari-ucrete-yeni-zam-onerisi-gundemde","status":"publish","type":"post","link":"https:\/\/www.aykutozdemir.com.tr\/wordpress\/almanyada-saatlik-asgari-ucrete-yeni-zam-onerisi-gundemde.html","title":{"rendered":"Almanya\u2019da Saatlik Asgari \u00dccrete Yeni Zam \u00d6nerisi G\u00fcndemde"},"content":{"rendered":"<p>Almanya&#8217;da 2024 y\u0131l\u0131nda saatlik yasal <a href=\"https:\/\/www.paradurumu.com\/etiket\/asgari-ucret\">asgari \u00fccret<\/a>in 12,41 Euro olmas\u0131 y\u00f6n\u00fcnde \u00f6neride bulunuldu. H\u00fck\u00fcmet son karar\u0131 Ekim 2022&#8217;de alarak, asgari \u00fccreti 10,45 Euro&#8217;dan 12 Euro&#8217;ya \u00e7\u0131karm\u0131\u015ft\u0131.<\/p>\n<p>&nbsp;<\/p>\n<p>&nbsp;<\/p>\n<h2>Almanya\u2019da Asgari \u00dccret Ne Kadar Oldu?<\/h2>\n<p>&nbsp;<\/p>\n<p>Almanya&#8217;da h\u00fck\u00fcmetin destekledi\u011fi Asgari \u00dccret Komisyonu, 2024 i\u00e7in saatlik asgari \u00fccretin 12,41 Euro olarak belirlenmesini tavsiye etti. Asgari \u00dccret Komisyonu&#8217;nun bu \u00f6nerisi, \u00f6zellikle \u00fclkede ya\u015fanan ekonomik zorluklar ve s\u00fcregelen y\u00fcksek enflasyon ko\u015fullar\u0131 g\u00f6zetilerek geldi. Alman Sendikalar Birli\u011fi, bu \u00f6neriyi yetersiz buldu. Birli\u011fin Y\u00f6netim Kurulu \u00dcyesi Stefan K\u00f6rzell, nominal olarak saat ba\u015f\u0131 0,41 Euro art\u0131\u015f\u0131n, asl\u0131nda reel olarak bir maa\u015f d\u00fc\u015f\u00fc\u015f\u00fc anlam\u0131na geldi\u011fini vurgulad\u0131. K\u00f6rzell, &#8220;Asgari \u00fccret en az 13,50 Euro olmal\u0131yd\u0131,&#8221; diye ekledi.<\/p>\n<p>&nbsp;<\/p>\n<p>\u00d6te yandan, Alman Perakendeciler Derne\u011fi Ba\u015fkan\u0131 Stefan Genth, \u015firketler i\u00e7in asgari \u00fccrette h\u0131zla ger\u00e7ekle\u015fen bu art\u0131\u015f\u0131n zorlay\u0131c\u0131 olabilece\u011fini ve baz\u0131 \u015firketlerin kapatabilece\u011fini ya da k\u00fc\u00e7\u00fclebilece\u011fini belirtti. Alman h\u00fck\u00fcmetinin bu teklifi yasal bir zorunluluk haline getirmesi \u00f6ng\u00f6r\u00fclmekte.<\/p>\n<p>&nbsp;<\/p>\n<p>2015 y\u0131l\u0131nda <a href=\"https:\/\/www.paradurumu.com\/butce\/almanya-asgari-ucret-haberi-16472\">Almanya&#8217;da saatlik asgari \u00fccret<\/a> 8,50 Euro olarak hayata ge\u00e7irilmi\u015fti. Bu \u00fccretin artt\u0131r\u0131lmas\u0131, Ba\u015fbakan Olaf Scholz&#8217;un ana se\u00e7im taahh\u00fctlerinden biriydi. Ekim 2022\u2019de bu \u00fccret 12 Euro\u2019ya \u00e7\u0131kar\u0131lm\u0131\u015ft\u0131. Ancak son d\u00f6nemlerdeki y\u00fcksek enflasyon ve Avrupa Merkez Bankas\u0131&#8217;n\u0131n faiz art\u0131r\u0131m kararlar\u0131, Alman ekonomisinde sat\u0131n alma g\u00fcc\u00fcn\u00fc etkilemi\u015fti.<\/p>\n","protected":false},"excerpt":{"rendered":"<p>Almanya&#8217;da 2024 y\u0131l\u0131nda saatlik yasal asgari \u00fccretin 12,41 Euro olmas\u0131 y\u00f6n\u00fcnde \u00f6neride bulunuldu. H\u00fck\u00fcmet son&#46;&#46;&#46;<\/p>\n","protected":false},"author":1,"featured_media":6984,"comment_status":"open","ping_status":"open","sticky":false,"template":"","format":"standard","meta":{"footnotes":""},"categories":[189],"tags":[],"class_list":["post-6982","post","type-post","status-publish","format-standard","has-post-thumbnail","hentry","category-sponsor"],"aioseo_notices":[],"amp_enabled":true,"_links":{"self":[{"href":"https:\/\/www.aykutozdemir.com.tr\/wordpress\/wp-json\/wp\/v2\/posts\/6982","targetHints":{"allow":["GET"]}}],"collection":[{"href":"https:\/\/www.aykutozdemir.com.tr\/wordpress\/wp-json\/wp\/v2\/posts"}],"about":[{"href":"https:\/\/www.aykutozdemir.com.tr\/wordpress\/wp-json\/wp\/v2\/types\/post"}],"author":[{"embeddable":true,"href":"https:\/\/www.aykutozdemir.com.tr\/wordpress\/wp-json\/wp\/v2\/users\/1"}],"replies":[{"embeddable":true,"href":"https:\/\/www.aykutozdemir.com.tr\/wordpress\/wp-json\/wp\/v2\/comments?post=6982"}],"version-history":[{"count":1,"href":"https:\/\/www.aykutozdemir.com.tr\/wordpress\/wp-json\/wp\/v2\/posts\/6982\/revisions"}],"predecessor-version":[{"id":6985,"href":"https:\/\/www.aykutozdemir.com.tr\/wordpress\/wp-json\/wp\/v2\/posts\/6982\/revisions\/6985"}],"wp:featuredmedia":[{"embeddable":true,"href":"https:\/\/www.aykutozdemir.com.tr\/wordpress\/wp-json\/wp\/v2\/media\/6984"}],"wp:attachment":[{"href":"https:\/\/www.aykutozdemir.com.tr\/wordpress\/wp-json\/wp\/v2\/media?parent=6982"}],"wp:term":[{"taxonomy":"category","embeddable":true,"href":"https:\/\/www.aykutozdemir.com.tr\/wordpress\/wp-json\/wp\/v2\/categories?post=6982"},{"taxonomy":"post_tag","embeddable":true,"href":"https:\/\/www.aykutozdemir.com.tr\/wordpress\/wp-json\/wp\/v2\/tags?post=6982"}],"curies":[{"name":"wp","href":"https:\/\/api.w.org\/{rel}","templated":true}]}}