{"id":7480,"date":"2024-02-14T13:38:48","date_gmt":"2024-02-14T10:38:48","guid":{"rendered":"https:\/\/www.aykutozdemir.com.tr\/wordpress\/?p=7480"},"modified":"2024-02-14T13:38:51","modified_gmt":"2024-02-14T10:38:51","slug":"balikesir-hava-durumu-hakkinda-detayli-bilgi","status":"publish","type":"post","link":"https:\/\/www.aykutozdemir.com.tr\/wordpress\/balikesir-hava-durumu-hakkinda-detayli-bilgi.html","title":{"rendered":"Bal\u0131kesir Hava Durumu Hakk\u0131nda Detayl\u0131 Bilgi"},"content":{"rendered":"\n<p>\u0130klim krizi, de\u011fi\u015fen hava ko\u015fullar\u0131 sebebi ile art\u0131k mevsimler de de\u011fi\u015fti. Bug\u00fcn hava durumuna bakarak, yar\u0131n\u0131n program\u0131n\u0131 yapmak gittik\u00e7e zorla\u015f\u0131yor. Bu sebeple hava durumu tahminleri daha fazla \u00f6nem kazand\u0131. E\u011fer sizler de ayn\u0131 durumdan yak\u0131n\u0131yorsan\u0131z, bu yaz\u0131m\u0131za g\u00f6z atarak <a href=\"https:\/\/havadurumu24.com.tr\/2319\/balikesir\">Bal\u0131kesir hava durumu<\/a> hakk\u0131nda bilgi sahibi olabilirsiniz.<\/p>\n\n\n\n<p>Yar\u0131n i\u00e7in Bal\u0131kesir\u2019de d\u0131\u015far\u0131da zaman ge\u00e7irmeyi mi planl\u0131yorsunuz? Havan\u0131n nas\u0131l oldu\u011funu \u00f6\u011frenmeden hareket etmemenizi \u00f6neririz. Islanman\u0131z\u0131, so\u011fuk havaya maruz kalarak \u00fc\u015f\u00fctmenizi ya da g\u00fcne\u015f kremini ihmal edip cildinizi g\u00fcne\u015fe maruz b\u0131rakman\u0131z\u0131 asla istemeyiz.<\/p>\n\n\n\n<h2 class=\"wp-block-heading\">Bal\u0131kesir Hava Durumuna Genel Bir Bak\u0131\u015f<\/h2>\n\n\n\n<p>Bal\u0131kesir, Marmara B\u00f6lgesi&#8217;nin g\u00fcneyinde yer alan bir \u015fehir ve genelde Akdeniz iklimi etkisi alt\u0131ndad\u0131r fakat i\u00e7 kesimlerinde karasal iklim etkisi de g\u00f6r\u00fclebilir.<\/p>\n\n\n\n<p>K\u0131\u015f aylar\u0131na bakacak olursak aral\u0131k, ocak ve \u015fubat genellikle \u0131l\u0131man seyreder ancak so\u011fuk ve ya\u011f\u0131\u015fl\u0131 g\u00fcnler de m\u00fcmk\u00fcnd\u00fcr. Kar ya\u011f\u0131\u015f\u0131, \u00f6zellikle \u015fehrin i\u00e7 kesimlerinde ve y\u00fcksek rak\u0131ml\u0131 b\u00f6lgelerde kendini g\u00f6sterir. K\u0131\u015f aylar\u0131nda hava yaz aylar\u0131nda oranla daha serin ve ya\u011f\u0131\u015fl\u0131d\u0131r.<\/p>\n\n\n\n<h2 class=\"wp-block-heading\">Havalar Is\u0131nd\u0131\u011f\u0131nda Etkisini G\u00f6steren S\u0131cakl\u0131k<\/h2>\n\n\n\n<p>\u0130lkbahar d\u00f6neminde hava \u0131l\u0131k ve ya\u011f\u0131\u015fl\u0131 olur. Bu d\u00f6nemde do\u011fan\u0131n uyanmas\u0131 ile hava \u0131s\u0131n\u0131r ve bitki \u00f6rt\u00fcs\u00fc ye\u015fermeye ba\u015flar.<\/p>\n\n\n\n<p>Yaz aylar\u0131 Marmara b\u00f6lgesinin bu g\u00fczide \u015fehrinde s\u0131cak ve kurak ge\u00e7er. S\u0131cakl\u0131k kimi zaman&nbsp; 30\u00b0C&#8217;nin \u00fczerine bile \u00e7\u0131kabilir. Bu d\u00f6nem ya\u011f\u0131\u015flar azal\u0131r ve yerini g\u00fcne\u015fli g\u00fcnlere b\u0131rak\u0131r. Yine de denizin de etkisiyle ani bast\u0131ran sa\u011fanaklara dikkat edilmelidir.<\/p>\n\n\n\n<h2 class=\"wp-block-heading\">Bal\u0131kesir\u2019in En G\u00fczel Mevsimi Sonbahar<\/h2>\n\n\n\n<p>Eyl\u00fcl, ekim ve kas\u0131m aylar\u0131 hafif ve \u0131l\u0131man ge\u00e7er. Hava s\u0131cakl\u0131klar\u0131 yaz aylar\u0131na oranla biraz daha d\u00fc\u015fer ve ya\u011f\u0131\u015flar s\u0131k\u00e7a g\u00f6r\u00fcl\u00fcr. Sonbaharda genelde hava ko\u015fullar\u0131 dengeli ve keyiflidir. \u015eehrin en g\u00fczel mevsimi sonbahar olduk\u00e7a g\u00f6r\u00fclesidir. Bal\u0131kesir\u2019e bir seyahat planl\u0131yorsan\u0131z bu tarihleri se\u00e7menizi \u015fiddetle \u00f6neririz.<\/p>\n\n\n\n<p>Bal\u0131kesir, beklenmedik de\u011fi\u015fimler g\u00f6r\u00fcnse de Akdeniz ikliminin bariz ge\u00e7i\u015flerini rahatl\u0131kla hissedebilece\u011finiz bir hava durumuna sahiptir. Bu y\u00fczden hava durumu takibi yapmak hayat\u0131n\u0131z\u0131 olduk\u00e7a kolayla\u015ft\u0131r\u0131r. B\u00f6ylece kendinizi korumu\u015f ve g\u00fcn\u00fcn\u00fcz\u00fc olas\u0131 hava durumu de\u011fi\u015fimleri ile b\u00f6lmemi\u015f olursunuz.<\/p>\n\n\n\n<h2 class=\"wp-block-heading\">Peki Bal\u0131kesir\u2019de Yar\u0131n Hava Durumu Nas\u0131l?<\/h2>\n\n\n\n<p><a href=\"https:\/\/havadurumu24.com.tr\/\">Yar\u0131nki hava durumu<\/a> i\u00e7in sayfam\u0131z\u0131 kontrol ettik ve hava durumunun g\u00fcn\u00fc d\u0131\u015far\u0131da ge\u00e7irecekler i\u00e7in sevindirici oldu\u011funu g\u00f6rd\u00fck! Yar\u0131n Bal\u0131kesir\u2019i g\u00fcne\u015fli ve \u0131l\u0131k bir hava bekliyor. Sabah ya\u015fanacak serin hava \u00f6\u011fle saatlerine do\u011fru yerine g\u00fcne\u015fli bir g\u00f6ky\u00fcz\u00fcne b\u0131rakacak ve g\u00fcn bat\u0131m\u0131na kadar hava s\u0131cakl\u0131\u011f\u0131 d\u0131\u015farda keyifle vakit ge\u00e7irmenize izin verecek. Ak\u015fama do\u011fru esintili bir hava Bal\u0131kesir halk\u0131n\u0131 bekliyor.<\/p>\n\n\n\n<p>Keyifli havan\u0131n tad\u0131n\u0131 \u00e7\u0131karmak i\u00e7in hava durumu tahminlerini incelemek olduk\u00e7a kolay bir y\u00f6ntem. Sizler de g\u00fcn\u00fcn\u00fcz\u00fc planlamadan \u00f6nce hava durumuna bakarak zor durumda kalmay\u0131 engelleyebilirsiniz. B\u00f6ylece i\u015flerinizi olas\u0131 hava muhalefeti ile ertelemek durumunda kalmazs\u0131n\u0131z. \u015eimdiden dopdolu ve keyifli bir g\u00fcn dileriz.<\/p>\n","protected":false},"excerpt":{"rendered":"<p>\u0130klim krizi, de\u011fi\u015fen hava ko\u015fullar\u0131 sebebi ile art\u0131k mevsimler de de\u011fi\u015fti. Bug\u00fcn hava durumuna bakarak,&#46;&#46;&#46;<\/p>\n","protected":false},"author":1,"featured_media":7482,"comment_status":"open","ping_status":"open","sticky":false,"template":"","format":"standard","meta":{"footnotes":""},"categories":[189],"tags":[],"class_list":["post-7480","post","type-post","status-publish","format-standard","has-post-thumbnail","hentry","category-sponsor"],"aioseo_notices":[],"amp_enabled":true,"_links":{"self":[{"href":"https:\/\/www.aykutozdemir.com.tr\/wordpress\/wp-json\/wp\/v2\/posts\/7480","targetHints":{"allow":["GET"]}}],"collection":[{"href":"https:\/\/www.aykutozdemir.com.tr\/wordpress\/wp-json\/wp\/v2\/posts"}],"about":[{"href":"https:\/\/www.aykutozdemir.com.tr\/wordpress\/wp-json\/wp\/v2\/types\/post"}],"author":[{"embeddable":true,"href":"https:\/\/www.aykutozdemir.com.tr\/wordpress\/wp-json\/wp\/v2\/users\/1"}],"replies":[{"embeddable":true,"href":"https:\/\/www.aykutozdemir.com.tr\/wordpress\/wp-json\/wp\/v2\/comments?post=7480"}],"version-history":[{"count":1,"href":"https:\/\/www.aykutozdemir.com.tr\/wordpress\/wp-json\/wp\/v2\/posts\/7480\/revisions"}],"predecessor-version":[{"id":7483,"href":"https:\/\/www.aykutozdemir.com.tr\/wordpress\/wp-json\/wp\/v2\/posts\/7480\/revisions\/7483"}],"wp:featuredmedia":[{"embeddable":true,"href":"https:\/\/www.aykutozdemir.com.tr\/wordpress\/wp-json\/wp\/v2\/media\/7482"}],"wp:attachment":[{"href":"https:\/\/www.aykutozdemir.com.tr\/wordpress\/wp-json\/wp\/v2\/media?parent=7480"}],"wp:term":[{"taxonomy":"category","embeddable":true,"href":"https:\/\/www.aykutozdemir.com.tr\/wordpress\/wp-json\/wp\/v2\/categories?post=7480"},{"taxonomy":"post_tag","embeddable":true,"href":"https:\/\/www.aykutozdemir.com.tr\/wordpress\/wp-json\/wp\/v2\/tags?post=7480"}],"curies":[{"name":"wp","href":"https:\/\/api.w.org\/{rel}","templated":true}]}}