{"id":7545,"date":"2024-03-29T12:39:28","date_gmt":"2024-03-29T09:39:28","guid":{"rendered":"https:\/\/www.aykutozdemir.com.tr\/wordpress\/?p=7545"},"modified":"2024-03-29T12:39:31","modified_gmt":"2024-03-29T09:39:31","slug":"ic-mimarlik-ofisleri","status":"publish","type":"post","link":"https:\/\/www.aykutozdemir.com.tr\/wordpress\/ic-mimarlik-ofisleri.html","title":{"rendered":"\u0130\u00e7 Mimarl\u0131k Ofisleri"},"content":{"rendered":"\n<p>\u0130\u00e7 mimarl\u0131k ofisleri, i\u00e7 mekan tasar\u0131m\u0131yla ilgili \u00e7e\u015fitli hizmetler sunan profesyonel kurulu\u015flard\u0131r. Bu ofisler, m\u00fc\u015fterilerinin estetik ve fonksiyonel ihtiya\u00e7lar\u0131na uygun i\u00e7 mekanlar olu\u015fturmak i\u00e7in tasar\u0131m ve planlama s\u00fcre\u00e7lerini y\u00f6netirler. \u0130\u00e7 mimarl\u0131k ofislerinin yapt\u0131\u011f\u0131 ba\u015fl\u0131ca i\u015fler \u015funlard\u0131r:<\/p>\n\n\n\n<p><strong>\u0130\u00e7 Mekan Tasar\u0131m\u0131: <\/strong>\u0130\u00e7 mimarl\u0131k ofisleri, konutlar, ofisler, oteller, restoranlar, ma\u011fazalar ve di\u011fer ticari alanlar gibi \u00e7e\u015fitli mekanlarda estetik ve fonksiyonel tasar\u0131mlar olu\u015ftururlar.<\/p>\n\n\n\n<p><strong>Proje Y\u00f6netimi: <\/strong>\u0130\u00e7 mimarl\u0131k ofisleri, projenin planlama, b\u00fct\u00e7e kontrol\u00fc, s\u00fcre\u00e7 y\u00f6netimi ve di\u011fer y\u00f6netim g\u00f6revlerini \u00fcstlenirler.<\/p>\n\n\n\n<p><strong>Mood Board Olu\u015fturma:<\/strong> M\u00fc\u015fterilere tasar\u0131m fikirlerini g\u00f6rsel olarak iletmek amac\u0131yla renk paletleri, malzeme \u00f6rnekleri ve mobilya se\u00e7eneklerini i\u00e7eren mood board&#8217;lar olu\u015ftururlar.<\/p>\n\n\n\n<p><strong>Uygulama ve \u0130n\u015faat Denetimi:<\/strong> Tasar\u0131m a\u015famas\u0131n\u0131n ard\u0131ndan, i\u00e7 mimarl\u0131k ofisleri projenin uygulama ve in\u015faat s\u00fcrecini y\u00f6netirler. \u0130n\u015faat a\u015famas\u0131nda \u00e7al\u0131\u015fanlar\u0131 denetler, malzemelerin do\u011fru bir \u015fekilde uyguland\u0131\u011f\u0131ndan emin olurlar.<\/p>\n\n\n\n<p><strong>Mobilya ve Aksesuar Se\u00e7imi:<\/strong> \u0130\u00e7 mekanlarda kullan\u0131lacak mobilya, ayd\u0131nlatma ve di\u011fer dekoratif \u00f6\u011feleri se\u00e7erler. Bu, mekan\u0131n genel esteti\u011fini tamamlamak i\u00e7in \u00f6nemlidir.<\/p>\n\n\n\n<p><strong>I\u015f\u0131k ve Renk Planlamas\u0131:<\/strong> I\u015f\u0131kland\u0131rma ve renk se\u00e7imi, i\u00e7 mimarl\u0131k ofislerinin uzmanl\u0131k alanlar\u0131 aras\u0131ndad\u0131r. Do\u011fru ayd\u0131nlatma ve renk paleti, mekan\u0131n atmosferini belirleyebilir.<\/p>\n\n\n\n<p><strong>Alan Kullan\u0131m\u0131 ve D\u00fczenleme: <\/strong>\u0130\u00e7 mimarl\u0131k ofisleri, mekan i\u00e7indeki alanlar\u0131 en verimli \u015fekilde kullanmak i\u00e7in d\u00fczenleme ve planlama yaparlar. Fonksiyonellik ve kullan\u0131c\u0131 ihtiya\u00e7lar\u0131 g\u00f6zetilir.<\/p>\n\n\n\n<p><strong>Teknik Detaylar ve Teknik \u00c7izimler:<\/strong> Tasar\u0131m\u0131n uygulanmas\u0131 i\u00e7in gerekli olan teknik detaylar ve teknik \u00e7izimleri haz\u0131rlarlar. Bu \u00e7izimler, in\u015faat ekipleri ve di\u011fer ilgili payda\u015flar taraf\u0131ndan anla\u015f\u0131labilirli\u011fi art\u0131rmak i\u00e7in kullan\u0131l\u0131r.<\/p>\n\n\n\n<p><a href=\"https:\/\/www.varalliinterior.com\/\">\u0130\u00e7 mimarl\u0131k ofisleri<\/a>, genellikle m\u00fc\u015fterinin taleplerini ve ihtiya\u00e7lar\u0131n\u0131 anlamak, b\u00fct\u00e7e s\u0131n\u0131rlamalar\u0131n\u0131 g\u00f6zetmek ve estetik beklentileri kar\u015f\u0131lamak i\u00e7in i\u015fbirli\u011fi yaparlar. Her proje \u00f6zel oldu\u011fu i\u00e7in, i\u00e7 mimarl\u0131k ofisleri \u00e7e\u015fitli stiller, trendler ve m\u00fc\u015fteri beklentileri konusunda geni\u015f bir bilgi birikimine sahip olmal\u0131d\u0131r.<\/p>\n\n\n\n<p><strong>\u0130\u00e7 Mimarl\u0131k Nedir?<\/strong><\/p>\n\n\n\n<p>\u0130\u00e7 mimarl\u0131k, bir mekan\u0131n i\u00e7 tasar\u0131m\u0131, d\u00fczenlenmesi ve dekore edilmesiyle ilgilenen bir disiplindir. \u0130\u00e7 mimarl\u0131k, estetik ve fonksiyonu bir araya getirerek kullan\u0131c\u0131lar\u0131n ihtiya\u00e7lar\u0131na uygun, konforlu ve g\u00fczel i\u00e7 mekanlar yaratmay\u0131 ama\u00e7lar. Bu disiplin, bir dizi beceri, bilgi ve sanat anlay\u0131\u015f\u0131n\u0131 birle\u015ftirir ve genellikle mekanlar\u0131n estetik, i\u015flevsellik ve g\u00fcvenlik a\u00e7\u0131s\u0131ndan optimize edilmesini hedefler.<\/p>\n\n\n\n<p><a href=\"https:\/\/www.varalliinterior.com\/ic-mimarlik\/\">\u0130\u00e7 mimarl\u0131k<\/a>, sadece estetik de\u011fil, ayn\u0131 zamanda i\u015flevsellik, ergonomi, g\u00fcvenlik ve kullan\u0131c\u0131 deneyimi gibi fakt\u00f6rleri de i\u00e7erdi\u011fi i\u00e7in multidisipliner bir aland\u0131r. Bu disiplin, konutlar, ofisler, oteller, restoranlar, al\u0131\u015fveri\u015f merkezleri ve di\u011fer \u00e7e\u015fitli mekanlarda uygulanabilir.<\/p>\n\n\n\n<figure class=\"wp-block-image size-full\"><a href=\"https:\/\/www.aykutozdemir.com.tr\/wordpress\/wp-content\/uploads\/Ic-Mimarlik-Istanbul-Firmasi-.jpg\"><img loading=\"lazy\" decoding=\"async\" width=\"1000\" height=\"1000\" src=\"https:\/\/www.aykutozdemir.com.tr\/wordpress\/wp-content\/uploads\/Ic-Mimarlik-Istanbul-Firmasi-.jpg\" alt=\"\" class=\"wp-image-7547\"\/><\/a><\/figure>\n\n\n\n<p><strong>\u0130\u00e7 Mimarl\u0131k \u0130stanbul Firmas\u0131 Varalli Interior\u2019u Tan\u0131y\u0131n!<\/strong><\/p>\n\n\n\n<p>Varalli Interior, i\u00e7 mimarl\u0131k sekt\u00f6r\u00fcnde \u00e7\u0131\u011f atmay\u0131 ama\u00e7layan bir firma olarak kar\u015f\u0131m\u0131za \u00e7\u0131kmaktad\u0131r. G\u00fc\u00e7l\u00fc ekibi ve yapt\u0131\u011f\u0131 i\u015fler dolay\u0131s\u0131 ile <a href=\"https:\/\/www.varalliinterior.com\/\">i\u00e7 mimarl\u0131k istanbul<\/a> dendi\u011finde yegane firmalar aras\u0131nda yerini almaktad\u0131r. Varalli Interior, sekt\u00f6rde \u00f6nemli ba\u015far\u0131lara imza atan i\u00e7 mimar Onur Varal\u2019\u0131n \u00f6nc\u00fcl\u00fc\u011f\u00fcnde kurulan i\u00e7 mimarl\u0131k firmas\u0131d\u0131r.<\/p>\n\n\n\n<p>Varalli Interior, m\u00fc\u015fterilerinin memnuniyetini \u00f6n plana alan \u00e7al\u0131\u015fma anlay\u0131\u015f\u0131 ile m\u00fc\u015fterilerine \u00f6ng\u00f6r\u00fclebilir fiyatlarda kusursuz projelere imza atmaktad\u0131r.<\/p>\n\n\n\n<p>Ayn\u0131 zamanda Varalli Mobilya ismiyle de 1985\u2019ten g\u00fcn\u00fcm\u00fcze kadar hizmet veren firmam\u0131z, hem mobilya hem de i\u00e7 mimarl\u0131k alan\u0131nda yenilik\u00e7i \u00e7al\u0131\u015fmalar\u0131na kesintisiz devam etmektedir.<\/p>\n","protected":false},"excerpt":{"rendered":"<p>\u0130\u00e7 mimarl\u0131k ofisleri, i\u00e7 mekan tasar\u0131m\u0131yla ilgili \u00e7e\u015fitli hizmetler sunan profesyonel kurulu\u015flard\u0131r. Bu ofisler, m\u00fc\u015fterilerinin&#46;&#46;&#46;<\/p>\n","protected":false},"author":1,"featured_media":0,"comment_status":"open","ping_status":"open","sticky":false,"template":"","format":"standard","meta":{"footnotes":""},"categories":[189],"tags":[],"class_list":["post-7545","post","type-post","status-publish","format-standard","hentry","category-sponsor"],"aioseo_notices":[],"amp_enabled":true,"_links":{"self":[{"href":"https:\/\/www.aykutozdemir.com.tr\/wordpress\/wp-json\/wp\/v2\/posts\/7545","targetHints":{"allow":["GET"]}}],"collection":[{"href":"https:\/\/www.aykutozdemir.com.tr\/wordpress\/wp-json\/wp\/v2\/posts"}],"about":[{"href":"https:\/\/www.aykutozdemir.com.tr\/wordpress\/wp-json\/wp\/v2\/types\/post"}],"author":[{"embeddable":true,"href":"https:\/\/www.aykutozdemir.com.tr\/wordpress\/wp-json\/wp\/v2\/users\/1"}],"replies":[{"embeddable":true,"href":"https:\/\/www.aykutozdemir.com.tr\/wordpress\/wp-json\/wp\/v2\/comments?post=7545"}],"version-history":[{"count":1,"href":"https:\/\/www.aykutozdemir.com.tr\/wordpress\/wp-json\/wp\/v2\/posts\/7545\/revisions"}],"predecessor-version":[{"id":7548,"href":"https:\/\/www.aykutozdemir.com.tr\/wordpress\/wp-json\/wp\/v2\/posts\/7545\/revisions\/7548"}],"wp:attachment":[{"href":"https:\/\/www.aykutozdemir.com.tr\/wordpress\/wp-json\/wp\/v2\/media?parent=7545"}],"wp:term":[{"taxonomy":"category","embeddable":true,"href":"https:\/\/www.aykutozdemir.com.tr\/wordpress\/wp-json\/wp\/v2\/categories?post=7545"},{"taxonomy":"post_tag","embeddable":true,"href":"https:\/\/www.aykutozdemir.com.tr\/wordpress\/wp-json\/wp\/v2\/tags?post=7545"}],"curies":[{"name":"wp","href":"https:\/\/api.w.org\/{rel}","templated":true}]}}