{"id":7899,"date":"2024-08-07T13:00:49","date_gmt":"2024-08-07T10:00:49","guid":{"rendered":"https:\/\/www.aykutozdemir.com.tr\/wordpress\/?p=7899"},"modified":"2024-08-07T13:00:50","modified_gmt":"2024-08-07T10:00:50","slug":"fondoten-secimi-nasil-olmalidir","status":"publish","type":"post","link":"https:\/\/www.aykutozdemir.com.tr\/wordpress\/fondoten-secimi-nasil-olmalidir.html","title":{"rendered":"Fond\u00f6ten Se\u00e7imi Nas\u0131l Olmal\u0131d\u0131r?"},"content":{"rendered":"\n<p><a href=\"https:\/\/www.kozmela.com\/fondoten\">Fond\u00f6ten<\/a>se\u00e7erken ilk ad\u0131m, cilt tipinizi do\u011fru bir \u015fekilde belirlemektir. Kuru, ya\u011fl\u0131, karma veya hassas cilt tiplerine g\u00f6re farkl\u0131 form\u00fcller bulunmaktad\u0131r. Kuru bir cilt i\u00e7in nemlendirici \u00f6zellikli fond\u00f6tenler tercih edilmelidir. Bu t\u00fcr \u00fcr\u00fcnler, cildi nemlendirirken ayn\u0131 zamanda cildin daha sa\u011fl\u0131kl\u0131 ve parlak g\u00f6r\u00fcnmesini sa\u011flar. Ya\u011fl\u0131 ciltler i\u00e7in ise mat biti\u015fli fond\u00f6tenler idealdir. Bu fond\u00f6tenler, ciltteki fazla ya\u011f\u0131 emerek parlamay\u0131 kontrol alt\u0131na al\u0131r ve g\u00fcn boyu mat bir g\u00f6r\u00fcn\u00fcm sunar.<\/p>\n\n\n\n<p>Fond\u00f6tenin ciltte do\u011fal ve kusursuz durmas\u0131 i\u00e7in do\u011fru uygulama teknikleri \u00f6nemlidir. Fond\u00f6teni uygulamadan \u00f6nce, cildinizi temizleyip nemlendirmek gerekir. Bu ad\u0131m, fond\u00f6tenin cilt \u00fczerinde daha iyi da\u011f\u0131lmas\u0131n\u0131 ve uzun s\u00fcre kal\u0131c\u0131 olmas\u0131n\u0131 sa\u011flar. Fond\u00f6teni uygulamak i\u00e7in f\u0131r\u00e7a, s\u00fcnger veya parmaklar\u0131n\u0131z\u0131 kullanabilirsiniz. F\u0131r\u00e7a ile uygulama, daha kontroll\u00fc ve e\u015fit bir da\u011f\u0131l\u0131m sa\u011flar. S\u00fcnger ise \u00f6zellikle \u0131slat\u0131larak kullan\u0131ld\u0131\u011f\u0131nda, ciltte daha do\u011fal bir biti\u015f elde etmenize yard\u0131mc\u0131 olur.<\/p>\n\n\n\n<h2 class=\"wp-block-heading\">Renk Se\u00e7imi: Do\u011fru Tonu Bulman\u0131n \u00d6nemi<\/h2>\n\n\n\n<p>Fond\u00f6ten se\u00e7erken dikkat edilmesi gereken bir di\u011fer \u00f6nemli nokta, do\u011fru renk tonunu bulmakt\u0131r. Yanl\u0131\u015f ton se\u00e7imi, cildinizde maske etkisi yaratabilir ve do\u011fal g\u00f6r\u00fcn\u00fcmden uzakla\u015ft\u0131rabilir. Do\u011fru tonu bulmak i\u00e7in fond\u00f6teni bile\u011finizin i\u00e7 k\u0131sm\u0131nda veya \u00e7ene hatt\u0131n\u0131zda deneyebilirsiniz. Cilt tonunuza en yak\u0131n rengi buldu\u011funuzda, fond\u00f6ten ciltle neredeyse g\u00f6r\u00fcnmez bir \u015fekilde birle\u015fir. Ayr\u0131ca, mevsimlere g\u00f6re cilt tonunuz de\u011fi\u015febilece\u011fi i\u00e7in yaz ve k\u0131\u015f aylar\u0131nda farkl\u0131 tonlar kullanmay\u0131 d\u00fc\u015f\u00fcnebilirsiniz.<\/p>\n\n\n\n<p>Fond\u00f6tenin g\u00fcn boyu kal\u0131c\u0131 olmas\u0131n\u0131 sa\u011flamak i\u00e7in baz\u0131 ipu\u00e7lar\u0131 mevcuttur. \u0130lk olarak, makyaj baz\u0131 kullanmak, fond\u00f6tenin cilt \u00fczerinde daha uzun s\u00fcre kalmas\u0131n\u0131 sa\u011flar. Baz, cildi makyaja haz\u0131rlar ve fond\u00f6tenin p\u00fcr\u00fczs\u00fcz bir \u015fekilde yay\u0131lmas\u0131na yard\u0131mc\u0131 olur. Ayr\u0131ca, fond\u00f6teni uygulad\u0131ktan sonra transparan pudra ile sabitlemek de \u00f6nemlidir. Pudra, fond\u00f6tenin yerinde kalmas\u0131n\u0131 sa\u011flar ve ciltteki parlakl\u0131\u011f\u0131 kontrol alt\u0131na al\u0131r. Son olarak, makyaj sabitleyici spreyler de kullanarak fond\u00f6tenin kal\u0131c\u0131l\u0131\u011f\u0131n\u0131 art\u0131rabilirsiniz. Bu spreyler, makyaj\u0131 sabitleyip tazelik hissi verir.<\/p>\n\n\n\n<h3 class=\"wp-block-heading\">Do\u011fal G\u00f6r\u00fcn\u00fcm Elde Etmenin \u0130pu\u00e7lar\u0131<\/h3>\n\n\n\n<p>Fond\u00f6ten kullan\u0131rken do\u011fal bir g\u00f6r\u00fcn\u00fcm elde etmek i\u00e7in a\u015f\u0131r\u0131ya ka\u00e7mamak \u00f6nemlidir. Kal\u0131n tabakalar halinde uygulanan fond\u00f6ten, cildin do\u011fal yap\u0131s\u0131n\u0131 bozar ve yapay bir g\u00f6r\u00fcn\u00fcm yarat\u0131r. Az miktarda fond\u00f6ten kullanarak, cildinizdeki kusurlar\u0131 kapatabilir ve sa\u011fl\u0131kl\u0131 bir g\u00f6r\u00fcn\u00fcm elde edebilirsiniz. Unutmay\u0131n, makyaj\u0131n amac\u0131 cildinizi daha g\u00fczel g\u00f6stermek ve do\u011fal g\u00fczelli\u011finizi \u00f6n plana \u00e7\u0131karmakt\u0131r. Fond\u00f6ten se\u00e7imi ve kullan\u0131m\u0131 hakk\u0131nda daha fazla bilgiye ve geni\u015f \u00fcr\u00fcn yelpazesine ula\u015fmak i\u00e7in <a href=\"https:\/\/www.kozmela.com\/fondoten\">https:\/\/www.kozmela.com\/fondoten<\/a> adresini ziyaret edebilirsiniz.<\/p>\n","protected":false},"excerpt":{"rendered":"<p>Fond\u00f6tense\u00e7erken ilk ad\u0131m, cilt tipinizi do\u011fru bir \u015fekilde belirlemektir. Kuru, ya\u011fl\u0131, karma veya hassas cilt&#46;&#46;&#46;<\/p>\n","protected":false},"author":1,"featured_media":0,"comment_status":"open","ping_status":"open","sticky":false,"template":"","format":"standard","meta":{"footnotes":""},"categories":[189],"tags":[],"class_list":["post-7899","post","type-post","status-publish","format-standard","hentry","category-sponsor"],"aioseo_notices":[],"amp_enabled":true,"_links":{"self":[{"href":"https:\/\/www.aykutozdemir.com.tr\/wordpress\/wp-json\/wp\/v2\/posts\/7899","targetHints":{"allow":["GET"]}}],"collection":[{"href":"https:\/\/www.aykutozdemir.com.tr\/wordpress\/wp-json\/wp\/v2\/posts"}],"about":[{"href":"https:\/\/www.aykutozdemir.com.tr\/wordpress\/wp-json\/wp\/v2\/types\/post"}],"author":[{"embeddable":true,"href":"https:\/\/www.aykutozdemir.com.tr\/wordpress\/wp-json\/wp\/v2\/users\/1"}],"replies":[{"embeddable":true,"href":"https:\/\/www.aykutozdemir.com.tr\/wordpress\/wp-json\/wp\/v2\/comments?post=7899"}],"version-history":[{"count":1,"href":"https:\/\/www.aykutozdemir.com.tr\/wordpress\/wp-json\/wp\/v2\/posts\/7899\/revisions"}],"predecessor-version":[{"id":7904,"href":"https:\/\/www.aykutozdemir.com.tr\/wordpress\/wp-json\/wp\/v2\/posts\/7899\/revisions\/7904"}],"wp:attachment":[{"href":"https:\/\/www.aykutozdemir.com.tr\/wordpress\/wp-json\/wp\/v2\/media?parent=7899"}],"wp:term":[{"taxonomy":"category","embeddable":true,"href":"https:\/\/www.aykutozdemir.com.tr\/wordpress\/wp-json\/wp\/v2\/categories?post=7899"},{"taxonomy":"post_tag","embeddable":true,"href":"https:\/\/www.aykutozdemir.com.tr\/wordpress\/wp-json\/wp\/v2\/tags?post=7899"}],"curies":[{"name":"wp","href":"https:\/\/api.w.org\/{rel}","templated":true}]}}