{"id":8508,"date":"2025-02-27T18:37:15","date_gmt":"2025-02-27T15:37:15","guid":{"rendered":"https:\/\/www.aykutozdemir.com.tr\/wordpress\/?p=8508"},"modified":"2025-02-27T18:37:19","modified_gmt":"2025-02-27T15:37:19","slug":"cocuk-dis-doktoru","status":"publish","type":"post","link":"https:\/\/www.aykutozdemir.com.tr\/wordpress\/cocuk-dis-doktoru.html","title":{"rendered":"\u00c7ocuk Di\u015f Doktoru"},"content":{"rendered":"\n<p><a href=\"https:\/\/www.andepol.com\/tedaviler\/cocuk-dis-doktoru\">\u00c7ocuk di\u015f doktoru<\/a>, a\u011f\u0131z hastal\u0131klar\u0131n\u0131n \u00f6nlenmesi, te\u015fhisi ve tedavisi ile ilgilenen hekimdir.<\/p>\n\n\n\n<h2 class=\"wp-block-heading\">\u00c7ocuk di\u015f hekimi ne yapar?<\/h2>\n\n\n\n<ul class=\"wp-block-list\">\n<li>D\u00fczenli olarak planlanm\u0131\u015f \u00f6nleyici muayeneleri ger\u00e7ekle\u015ftirir; \u0130lk ziyaret ya\u015fam\u0131n ilk ay\u0131nda yap\u0131lmal\u0131, sonraki randevular en az 6 ayda bir d\u00fczenli olarak yap\u0131lmal\u0131d\u0131r, baz\u0131 durumlarda \u00e7ocuk di\u015f hekimi 3-4 ayda bir g\u00f6zlem \u00f6nermektedir.<\/li>\n\n\n\n<li>A\u011f\u0131z hastal\u0131klar\u0131n\u0131n \u00f6nlenmesini sa\u011flar, uygun a\u011f\u0131z hijyenini \u00f6\u011fretir<\/li>\n\n\n\n<li>A\u011f\u0131z hastal\u0131klar\u0131n\u0131n te\u015fhisini yapar (manuel, radyolojik, laboratuvar ve di\u011fer manip\u00fclasyonlar)<\/li>\n\n\n\n<li>\u00c7ocuklarda di\u015f, a\u011f\u0131z mukozas\u0131, periodontal hastal\u0131klar\u0131n tedavisini sa\u011flar.<\/li>\n\n\n\n<li>Yaralanmalardan sonra di\u015flerin estetik restorasyonunu ger\u00e7ekle\u015ftirir.<\/li>\n<\/ul>\n\n\n\n<h2 class=\"wp-block-heading\">&nbsp;<\/h2>\n\n\n\n<h2 class=\"wp-block-heading\">Doktorun yetkinli\u011fi nedir?<\/h2>\n\n\n\n<ul class=\"wp-block-list\">\n<li>D\u0131\u015f muayene, a\u011f\u0131z bo\u015flu\u011funun muayenesi<\/li>\n\n\n\n<li>Tan\u0131 prosed\u00fcrlerinin atanmas\u0131 ve uygulanmas\u0131<\/li>\n\n\n\n<li>A\u011f\u0131z hastal\u0131klar\u0131n\u0131n tedavisi (di\u015f \u00e7\u00fcr\u00fckleri ve komplikasyonlar\u0131, a\u011f\u0131z mukozas\u0131 hastal\u0131klar\u0131, periodontal hastal\u0131k)<\/li>\n\n\n\n<li>\u00d6nleyici tedbirlerin al\u0131nmas\u0131 (profesyonel a\u011f\u0131z hijyeni: yumu\u015fak ve sert di\u015f birikintilerinin temizlenmesi, di\u015flerin flor\u00fcrl\u00fc preparatlarla kaplanmas\u0131, di\u015flerin derin florlanmas\u0131, di\u015f \u00e7atlaklar\u0131n\u0131n kapat\u0131lmas\u0131 vb.)<\/li>\n\n\n\n<li>Rasyonel a\u011f\u0131z hijyeninin \u00f6\u011fretilmesi<\/li>\n\n\n\n<li>Di\u011fer uzmanlara sevk ve ek muayeneler<\/li>\n<\/ul>\n\n\n\n<h2 class=\"wp-block-heading\">&nbsp;<\/h2>\n\n\n\n<h2 class=\"wp-block-heading\">Di\u015f hekimlerimiz hangi organlarla ilgilenir?<\/h2>\n\n\n\n<p><a href=\"https:\/\/www.andepol.com\/tedaviler\/cocuk-dis-doktoru\">\u00c7ocuk di\u015f hekimi<\/a>, a\u011f\u0131z bo\u015flu\u011funun (di\u015fler, a\u011f\u0131z mukozas\u0131 ve dil, di\u015f etleri, dudaklar) hastal\u0131klar\u0131n\u0131n \u00f6nlenmesi, te\u015fhisi ve tedavisi ile ilgilenir.<\/p>\n\n\n\n<h2 class=\"wp-block-heading\">\u00c7ocuk di\u015f hekimine ne zaman g\u00f6r\u00fcnmelisiniz?<\/h2>\n\n\n\n<p>Ya\u015fam\u0131n ilk ay\u0131ndan itibaren en az 6 ayda bir \u00e7ocuk di\u015f hekimine kontrole gitmek gerekir. Baz\u0131 durumlarda, \u00e7\u00fcr\u00fck s\u00fcreci yo\u011fun ise \u00e7ocuk di\u015f hekimi taraf\u0131ndan daha s\u0131k (3-4 ayda bir) kontrol edilmesi gerekebilir.<\/p>\n\n\n\n<h2 class=\"wp-block-heading\">Di\u015f hekimi hangi t\u00fcr te\u015fhisleri yapar?<\/h2>\n\n\n\n<ol style=\"list-style-type:upper-alpha\" class=\"wp-block-list\">\n<li>Anamnez toplama \u2013 tan\u0131 koymaya yard\u0131mc\u0131 olacak hastayla ilgili verilerin incelenmesi ve t\u0131bbi ge\u00e7mi\u015fin \u00f6\u011frenilmesi<\/li>\n\n\n\n<li>D\u0131\u015f muayene<\/li>\n\n\n\n<li>A\u011f\u0131z bo\u015flu\u011funun muayenesi<\/li>\n\n\n\n<li>\u00a0<\/li>\n<\/ol>\n\n\n\n<h3 class=\"wp-block-heading\">Ayr\u0131ca a\u015fa\u011f\u0131dakiler atanabilir:<\/h3>\n\n\n\n<ul class=\"wp-block-list\">\n<li>Radyasyon tan\u0131lar\u0131 (X-\u0131\u015f\u0131n\u0131 \u2013 hedefli, panoramik (\u00e7eneler), \u00e7ene tomografisi)<\/li>\n\n\n\n<li>Laboratuvar tan\u0131lar\u0131 (alerjik muayeneler, mineral metabolizmas\u0131 muayeneleri vb.)<\/li>\n\n\n\n<li>\u0130lgili uzman hekimlerin muayeneleri (Di\u015f hekimi-cerrah, ortodontist, \u00e7ocuk doktoru, alerji-imm\u00fcnolog, n\u00f6rolog, konu\u015fma terapisti vb.)<\/li>\n\n\n\n<li>\u00a0<\/li>\n<\/ul>\n\n\n\n<h2 class=\"wp-block-heading\">\u00c7ocuk di\u015f hekiminden tavsiyeler<\/h2>\n\n\n\n<ul class=\"wp-block-list\">\n<li>\u00c7ocuk di\u015f hekiminin ba\u015fl\u0131ca g\u00f6revi di\u015f hastal\u0131klar\u0131n\u0131n \u00f6nlenmesi, di\u015f \u00e7\u00fcr\u00fcklerinin erken te\u015fhisi ve tedavisidir.<\/li>\n\n\n\n<li>Ebeveynlerin dikkat etmesi gerekenler:<\/li>\n\n\n\n<li>Hamilelikte, do\u011facak \u00e7ocu\u011fun di\u015flerinin temellerinin at\u0131ld\u0131\u011f\u0131 d\u00f6nemde (hamileli\u011fin 6-7. haftas\u0131ndan itibaren) beslenme ve ya\u015fam tarz\u0131<\/li>\n\n\n\n<li>Bebe\u011fin ilk g\u00fcnlerden itibaren beslenmesinin niteli\u011fi, kemik ve di\u015flerin d\u00fczg\u00fcn geli\u015fimi i\u00e7in yeterli kalsiyum, protein, mikro elementler ve B vitaminleri al\u0131m\u0131d\u0131r.<\/li>\n\n\n\n<li>Di\u015flerin kalitesini ve sa\u011fl\u0131\u011f\u0131n\u0131 da etkileyen sosyal hastal\u0131klar olan kans\u0131zl\u0131k, ra\u015fitizm ve romatizman\u0131n \u00f6nlenmesi.<\/li>\n\n\n\n<li>Bebeklerde a\u011f\u0131z hijyeni &#8211; di\u015f mendili ve ard\u0131ndan yumu\u015fak f\u0131r\u00e7alar\u0131n kullan\u0131m\u0131.<\/li>\n\n\n\n<li>\u00c7i\u011fneme di\u015flerinin ortaya \u00e7\u0131kmas\u0131yla birlikte &#8211; g\u00fcnde iki kez \u00e7ocuk di\u015f macunu ile f\u0131r\u00e7alamak, yemeklerden sonra a\u011fz\u0131 \u00e7alkalamak, \u00e7ocu\u011fa di\u015f ipi kullanmay\u0131 \u00f6\u011fretmek.<\/li>\n\n\n\n<li>Di\u015f hekimine d\u00fczenli ziyaretlerin gereklili\u011fi.<\/li>\n\n\n\n<li>D\u00fczenli profesyonel a\u011f\u0131z hijyenine ihtiya\u00e7 var.<\/li>\n<\/ul>\n","protected":false},"excerpt":{"rendered":"<p>\u00c7ocuk di\u015f doktoru, a\u011f\u0131z hastal\u0131klar\u0131n\u0131n \u00f6nlenmesi, te\u015fhisi ve tedavisi ile ilgilenen hekimdir. \u00c7ocuk di\u015f hekimi&#46;&#46;&#46;<\/p>\n","protected":false},"author":1,"featured_media":0,"comment_status":"open","ping_status":"open","sticky":false,"template":"","format":"standard","meta":{"footnotes":""},"categories":[189],"tags":[],"class_list":["post-8508","post","type-post","status-publish","format-standard","hentry","category-sponsor"],"aioseo_notices":[],"amp_enabled":true,"_links":{"self":[{"href":"https:\/\/www.aykutozdemir.com.tr\/wordpress\/wp-json\/wp\/v2\/posts\/8508","targetHints":{"allow":["GET"]}}],"collection":[{"href":"https:\/\/www.aykutozdemir.com.tr\/wordpress\/wp-json\/wp\/v2\/posts"}],"about":[{"href":"https:\/\/www.aykutozdemir.com.tr\/wordpress\/wp-json\/wp\/v2\/types\/post"}],"author":[{"embeddable":true,"href":"https:\/\/www.aykutozdemir.com.tr\/wordpress\/wp-json\/wp\/v2\/users\/1"}],"replies":[{"embeddable":true,"href":"https:\/\/www.aykutozdemir.com.tr\/wordpress\/wp-json\/wp\/v2\/comments?post=8508"}],"version-history":[{"count":1,"href":"https:\/\/www.aykutozdemir.com.tr\/wordpress\/wp-json\/wp\/v2\/posts\/8508\/revisions"}],"predecessor-version":[{"id":8512,"href":"https:\/\/www.aykutozdemir.com.tr\/wordpress\/wp-json\/wp\/v2\/posts\/8508\/revisions\/8512"}],"wp:attachment":[{"href":"https:\/\/www.aykutozdemir.com.tr\/wordpress\/wp-json\/wp\/v2\/media?parent=8508"}],"wp:term":[{"taxonomy":"category","embeddable":true,"href":"https:\/\/www.aykutozdemir.com.tr\/wordpress\/wp-json\/wp\/v2\/categories?post=8508"},{"taxonomy":"post_tag","embeddable":true,"href":"https:\/\/www.aykutozdemir.com.tr\/wordpress\/wp-json\/wp\/v2\/tags?post=8508"}],"curies":[{"name":"wp","href":"https:\/\/api.w.org\/{rel}","templated":true}]}}